{"id":74925,"date":"2026-09-01T13:43:38","date_gmt":"2026-09-01T18:43:38","guid":{"rendered":"https:\/\/colombiainteligente.org\/?p=74925"},"modified":"2026-09-01T13:46:32","modified_gmt":"2026-09-01T18:46:32","slug":"centros-de-datos-espaciales-enfrentan-limites-fisicos-y-economicos","status":"publish","type":"post","link":"https:\/\/colombiainteligente.org\/es_co\/noticias-sectoriales\/centros-de-datos-espaciales-enfrentan-limites-fisicos-y-economicos\/","title":{"rendered":"Centros de datos espaciales enfrentan l\u00edmites f\u00edsicos y econ\u00f3micos"},"content":{"rendered":"<div data-elementor-type=\"wp-post\" data-elementor-id=\"74925\" class=\"elementor elementor-74925\" data-elementor-post-type=\"post\">\n\t\t\t\t\t\t\t\t\t<section class=\"elementor-section elementor-top-section elementor-element elementor-element-87c6aa2 elementor-section-boxed elementor-section-height-default elementor-section-height-default\" data-id=\"87c6aa2\" data-element_type=\"section\">\n\t\t\t\t\t\t<div class=\"elementor-container elementor-column-gap-default\">\n\t\t\t\t\t<div class=\"elementor-column elementor-col-100 elementor-top-column elementor-element elementor-element-558bb819\" data-id=\"558bb819\" data-element_type=\"column\">\n\t\t\t<div class=\"elementor-widget-wrap elementor-element-populated\">\n\t\t\t\t\t\t\t\t<div class=\"elementor-element elementor-element-3067325c elementor-widget elementor-widget-text-editor\" data-id=\"3067325c\" data-element_type=\"widget\" data-widget_type=\"text-editor.default\">\n\t\t\t\t<div class=\"elementor-widget-container\">\n\t\t\t<style>\/*! elementor - v3.14.0 - 26-06-2023 *\/\n.elementor-widget-text-editor.elementor-drop-cap-view-stacked .elementor-drop-cap{background-color:#69727d;color:#fff}.elementor-widget-text-editor.elementor-drop-cap-view-framed .elementor-drop-cap{color:#69727d;border:3px solid;background-color:transparent}.elementor-widget-text-editor:not(.elementor-drop-cap-view-default) .elementor-drop-cap{margin-top:8px}.elementor-widget-text-editor:not(.elementor-drop-cap-view-default) .elementor-drop-cap-letter{width:1em;height:1em}.elementor-widget-text-editor .elementor-drop-cap{float:left;text-align:center;line-height:1;font-size:50px}.elementor-widget-text-editor .elementor-drop-cap-letter{display:inline-block}<\/style>\t\t\t\t<p lang=\"en-US\">El creciente inter\u00e9s por instalar centros de datos en \u00f3rbita terrestre est\u00e1 generando expectativa entre empresas tecnol\u00f3gicas y actores del sector espacial, pero un an\u00e1lisis de IEEE Spectrum concluye que las restricciones f\u00edsicas contin\u00faan representando un obst\u00e1culo considerable para su viabilidad econ\u00f3mica. Aunque la idea aprovecha la disponibilidad constante de energ\u00eda solar y la independencia frente a riesgos terrestres, la gesti\u00f3n t\u00e9rmica emerge como el principal desaf\u00edo t\u00e9cnico.<br \/><br \/>En un entorno espacial no existe atm\u00f3sfera que permita disipar calor mediante conducci\u00f3n o convecci\u00f3n. Como consecuencia, la \u00fanica alternativa disponible es la radiaci\u00f3n t\u00e9rmica. Este proceso requiere extensas superficies destinadas a expulsar el calor generado por procesadores de alto desempe\u00f1o y sistemas de inteligencia artificial, aumentando significativamente el tama\u00f1o, peso y complejidad de las plataformas orbitales.<br \/><br \/>El an\u00e1lisis tambi\u00e9n destaca que las instalaciones espaciales deber\u00edan incorporar sistemas adicionales para orientaci\u00f3n solar, protecci\u00f3n contra radiaci\u00f3n c\u00f3smica, redundancia operativa y confiabilidad a largo plazo. A diferencia de los centros de datos terrestres, donde el mantenimiento puede realizarse de manera relativamente sencilla, la operaci\u00f3n en \u00f3rbita obliga a dise\u00f1ar infraestructuras capaces de soportar largos periodos sin intervenci\u00f3n f\u00edsica.<br \/><br \/>Las estimaciones consideradas muestran que el costo total de propiedad de una plataforma de procesamiento espacial sigue siendo considerablemente superior al de instalaciones equivalentes ubicadas en tierra. Incluso bajo escenarios optimistas de reducci\u00f3n de costos de lanzamiento, las diferencias contin\u00faan siendo significativas para aplicaciones comerciales masivas.<br \/><br \/>Para el sector energ\u00e9tico y digital, el an\u00e1lisis constituye un recordatorio de que la innovaci\u00f3n tecnol\u00f3gica debe coexistir con restricciones f\u00edsicas fundamentales. La expansi\u00f3n de la inteligencia artificial seguir\u00e1 aumentando la demanda de capacidad computacional, pero las ventajas competitivas de los centros de datos terrestres, apoyados por energ\u00edas renovables y sistemas avanzados de enfriamiento, contin\u00faan posicion\u00e1ndolos como la alternativa dominante durante los pr\u00f3ximos a\u00f1os.<\/p><p align=\"justify\"><span style=\"color: #800000;\"><b>Para leer m\u00e1s ingrese a:<\/b><\/span><\/p><p>\u00a0<\/p>\t\t\t\t\t\t<\/div>\n\t\t\t\t<\/div>\n\t\t\t\t\t<\/div>\n\t\t<\/div>\n\t\t\t\t\t\t\t<\/div>\n\t\t<\/section>\n\t\t\t\t\t\t\t<\/div>\n\t\t<div style=\"text-align:center\" class=\"yasr-auto-insert-visitor\"><\/div>","protected":false},"excerpt":{"rendered":"<p>La eliminaci\u00f3n de calor en el espacio podr\u00eda convertir los centros de datos orbitales en una alternativa mucho m\u00e1s costosa que las instalaciones terrestres.<\/p>","protected":false},"author":23,"featured_media":74926,"comment_status":"open","ping_status":"open","sticky":false,"template":"","format":"standard","meta":{"yasr_overall_rating":0,"yasr_post_is_review":"","yasr_auto_insert_disabled":"","yasr_review_type":"","footnotes":""},"categories":[52],"tags":[],"class_list":["post-74925","post","type-post","status-publish","format-standard","has-post-thumbnail","hentry","category-noticias-sectoriales"],"yoast_head":"<!-- This site is optimized with the Yoast SEO plugin v28.2 - https:\/\/yoast.com\/product\/yoast-seo-wordpress\/ -->\n<title>Centros de datos espaciales enfrentan l\u00edmites f\u00edsicos y econ\u00f3micos - Colombia Inteligente<\/title>\n<meta name=\"robots\" content=\"index, follow, max-snippet:-1, max-image-preview:large, max-video-preview:-1\" \/>\n<link rel=\"canonical\" href=\"https:\/\/colombiainteligente.org\/es_co\/noticias-sectoriales\/centros-de-datos-espaciales-enfrentan-limites-fisicos-y-economicos\/\" \/>\n<meta property=\"og:locale\" content=\"es_ES\" \/>\n<meta property=\"og:type\" content=\"article\" \/>\n<meta property=\"og:title\" content=\"Centros de datos espaciales enfrentan l\u00edmites f\u00edsicos y econ\u00f3micos - Colombia Inteligente\" \/>\n<meta property=\"og:description\" content=\"La eliminaci\u00f3n de calor en el espacio podr\u00eda convertir los centros de datos orbitales en una alternativa mucho m\u00e1s costosa que las instalaciones terrestres.\" \/>\n<meta property=\"og:url\" content=\"https:\/\/colombiainteligente.org\/es_co\/noticias-sectoriales\/centros-de-datos-espaciales-enfrentan-limites-fisicos-y-economicos\/\" \/>\n<meta property=\"og:site_name\" content=\"Colombia Inteligente\" \/>\n<meta property=\"article:published_time\" content=\"2026-09-01T18:43:38+00:00\" \/>\n<meta property=\"article:modified_time\" content=\"2026-09-01T18:46:32+00:00\" \/>\n<meta property=\"og:image\" content=\"https:\/\/colombiainteligente.org\/wp-content\/uploads\/2026\/09\/470010926-05.png\" \/>\n\t<meta property=\"og:image:width\" content=\"2400\" \/>\n\t<meta property=\"og:image:height\" content=\"1579\" \/>\n\t<meta property=\"og:image:type\" content=\"image\/png\" \/>\n<meta name=\"author\" content=\"DIFUSI\u00d3N COLOMBIA INTELIGENTE\" \/>\n<meta name=\"twitter:card\" content=\"summary_large_image\" \/>\n<meta name=\"twitter:creator\" content=\"@colombiaintelig\" \/>\n<meta name=\"twitter:site\" content=\"@colombiaintelig\" \/>\n<meta name=\"twitter:label1\" content=\"Escrito por\" \/>\n\t<meta name=\"twitter:data1\" content=\"DIFUSI\u00d3N COLOMBIA INTELIGENTE\" \/>\n\t<meta name=\"twitter:label2\" content=\"Tiempo estimado de lectura\" \/>\n\t<meta name=\"twitter:data2\" content=\"2 minutos\" \/>\n<script type=\"application\/ld+json\" class=\"yoast-schema-graph\">{\"@context\":\"https:\\\/\\\/schema.org\",\"@graph\":[{\"@type\":\"Article\",\"@id\":\"https:\\\/\\\/colombiainteligente.org\\\/noticias-sectoriales\\\/centros-de-datos-espaciales-enfrentan-limites-fisicos-y-economicos\\\/#article\",\"isPartOf\":{\"@id\":\"https:\\\/\\\/colombiainteligente.org\\\/noticias-sectoriales\\\/centros-de-datos-espaciales-enfrentan-limites-fisicos-y-economicos\\\/\"},\"author\":{\"name\":\"DIFUSI\u00d3N COLOMBIA INTELIGENTE\",\"@id\":\"https:\\\/\\\/colombiainteligente.org\\\/#\\\/schema\\\/person\\\/e207145d548b75a6d339ff1d4d3b0432\"},\"headline\":\"Centros de datos espaciales enfrentan l\u00edmites f\u00edsicos y econ\u00f3micos\",\"datePublished\":\"2026-09-01T18:43:38+00:00\",\"dateModified\":\"2026-09-01T18:46:32+00:00\",\"mainEntityOfPage\":{\"@id\":\"https:\\\/\\\/colombiainteligente.org\\\/noticias-sectoriales\\\/centros-de-datos-espaciales-enfrentan-limites-fisicos-y-economicos\\\/\"},\"wordCount\":355,\"commentCount\":0,\"publisher\":{\"@id\":\"https:\\\/\\\/colombiainteligente.org\\\/#organization\"},\"image\":{\"@id\":\"https:\\\/\\\/colombiainteligente.org\\\/noticias-sectoriales\\\/centros-de-datos-espaciales-enfrentan-limites-fisicos-y-economicos\\\/#primaryimage\"},\"thumbnailUrl\":\"https:\\\/\\\/colombiainteligente.org\\\/wp-content\\\/uploads\\\/2026\\\/09\\\/470010926-05.png\",\"articleSection\":[\"Noticias Sectoriales\"],\"inLanguage\":\"es-CO\",\"potentialAction\":[{\"@type\":\"CommentAction\",\"name\":\"Comment\",\"target\":[\"https:\\\/\\\/colombiainteligente.org\\\/noticias-sectoriales\\\/centros-de-datos-espaciales-enfrentan-limites-fisicos-y-economicos\\\/#respond\"]}]},{\"@type\":\"WebPage\",\"@id\":\"https:\\\/\\\/colombiainteligente.org\\\/noticias-sectoriales\\\/centros-de-datos-espaciales-enfrentan-limites-fisicos-y-economicos\\\/\",\"url\":\"https:\\\/\\\/colombiainteligente.org\\\/noticias-sectoriales\\\/centros-de-datos-espaciales-enfrentan-limites-fisicos-y-economicos\\\/\",\"name\":\"Centros de datos espaciales enfrentan l\u00edmites f\u00edsicos y econ\u00f3micos - Colombia Inteligente\",\"isPartOf\":{\"@id\":\"https:\\\/\\\/colombiainteligente.org\\\/#website\"},\"primaryImageOfPage\":{\"@id\":\"https:\\\/\\\/colombiainteligente.org\\\/noticias-sectoriales\\\/centros-de-datos-espaciales-enfrentan-limites-fisicos-y-economicos\\\/#primaryimage\"},\"image\":{\"@id\":\"https:\\\/\\\/colombiainteligente.org\\\/noticias-sectoriales\\\/centros-de-datos-espaciales-enfrentan-limites-fisicos-y-economicos\\\/#primaryimage\"},\"thumbnailUrl\":\"https:\\\/\\\/colombiainteligente.org\\\/wp-content\\\/uploads\\\/2026\\\/09\\\/470010926-05.png\",\"datePublished\":\"2026-09-01T18:43:38+00:00\",\"dateModified\":\"2026-09-01T18:46:32+00:00\",\"breadcrumb\":{\"@id\":\"https:\\\/\\\/colombiainteligente.org\\\/noticias-sectoriales\\\/centros-de-datos-espaciales-enfrentan-limites-fisicos-y-economicos\\\/#breadcrumb\"},\"inLanguage\":\"es-CO\",\"potentialAction\":[{\"@type\":\"ReadAction\",\"target\":[\"https:\\\/\\\/colombiainteligente.org\\\/noticias-sectoriales\\\/centros-de-datos-espaciales-enfrentan-limites-fisicos-y-economicos\\\/\"]}]},{\"@type\":\"ImageObject\",\"inLanguage\":\"es-CO\",\"@id\":\"https:\\\/\\\/colombiainteligente.org\\\/noticias-sectoriales\\\/centros-de-datos-espaciales-enfrentan-limites-fisicos-y-economicos\\\/#primaryimage\",\"url\":\"https:\\\/\\\/colombiainteligente.org\\\/wp-content\\\/uploads\\\/2026\\\/09\\\/470010926-05.png\",\"contentUrl\":\"https:\\\/\\\/colombiainteligente.org\\\/wp-content\\\/uploads\\\/2026\\\/09\\\/470010926-05.png\",\"width\":2400,\"height\":1579,\"caption\":\"Plataforma orbital con sat\u00e9lites, procesamiento de datos y sistemas de radiaci\u00f3n t\u00e9rmica.\"},{\"@type\":\"BreadcrumbList\",\"@id\":\"https:\\\/\\\/colombiainteligente.org\\\/noticias-sectoriales\\\/centros-de-datos-espaciales-enfrentan-limites-fisicos-y-economicos\\\/#breadcrumb\",\"itemListElement\":[{\"@type\":\"ListItem\",\"position\":1,\"name\":\"Portada\",\"item\":\"https:\\\/\\\/colombiainteligente.org\\\/\"},{\"@type\":\"ListItem\",\"position\":2,\"name\":\"Centros de datos espaciales enfrentan l\u00edmites f\u00edsicos y econ\u00f3micos\"}]},{\"@type\":\"WebSite\",\"@id\":\"https:\\\/\\\/colombiainteligente.org\\\/#website\",\"url\":\"https:\\\/\\\/colombiainteligente.org\\\/\",\"name\":\"Colombia Inteligente\",\"description\":\"Alianza estrat\u00e9gica, conformada por empresas y entidades, para la inserci\u00f3n integral y eficiente de las redes inteligentes a la infraestructura del sector el\u00e9ctrico colombiano\",\"publisher\":{\"@id\":\"https:\\\/\\\/colombiainteligente.org\\\/#organization\"},\"potentialAction\":[{\"@type\":\"SearchAction\",\"target\":{\"@type\":\"EntryPoint\",\"urlTemplate\":\"https:\\\/\\\/colombiainteligente.org\\\/?s={search_term_string}\"},\"query-input\":{\"@type\":\"PropertyValueSpecification\",\"valueRequired\":true,\"valueName\":\"search_term_string\"}}],\"inLanguage\":\"es-CO\"},{\"@type\":\"Organization\",\"@id\":\"https:\\\/\\\/colombiainteligente.org\\\/#organization\",\"name\":\"Colombia Inteligente\",\"url\":\"https:\\\/\\\/colombiainteligente.org\\\/\",\"logo\":{\"@type\":\"ImageObject\",\"inLanguage\":\"es-CO\",\"@id\":\"https:\\\/\\\/colombiainteligente.org\\\/#\\\/schema\\\/logo\\\/image\\\/\",\"url\":\"https:\\\/\\\/colombiainteligente.org\\\/wp-content\\\/uploads\\\/2022\\\/07\\\/Image.png\",\"contentUrl\":\"https:\\\/\\\/colombiainteligente.org\\\/wp-content\\\/uploads\\\/2022\\\/07\\\/Image.png\",\"width\":588,\"height\":274,\"caption\":\"Colombia Inteligente\"},\"image\":{\"@id\":\"https:\\\/\\\/colombiainteligente.org\\\/#\\\/schema\\\/logo\\\/image\\\/\"},\"sameAs\":[\"https:\\\/\\\/x.com\\\/colombiaintelig\",\"https:\\\/\\\/www.linkedin.com\\\/company\\\/colombiainteligente\\\/\"]},{\"@type\":\"Person\",\"@id\":\"https:\\\/\\\/colombiainteligente.org\\\/#\\\/schema\\\/person\\\/e207145d548b75a6d339ff1d4d3b0432\",\"name\":\"DIFUSI\u00d3N COLOMBIA INTELIGENTE\",\"image\":{\"@type\":\"ImageObject\",\"inLanguage\":\"es-CO\",\"@id\":\"https:\\\/\\\/secure.gravatar.com\\\/avatar\\\/df2e679ff2abf288cf4bf58830dad897e596908105ec8969f50f748a6d837869?s=96&d=mm&r=g\",\"url\":\"https:\\\/\\\/secure.gravatar.com\\\/avatar\\\/df2e679ff2abf288cf4bf58830dad897e596908105ec8969f50f748a6d837869?s=96&d=mm&r=g\",\"contentUrl\":\"https:\\\/\\\/secure.gravatar.com\\\/avatar\\\/df2e679ff2abf288cf4bf58830dad897e596908105ec8969f50f748a6d837869?s=96&d=mm&r=g\",\"caption\":\"DIFUSI\u00d3N COLOMBIA INTELIGENTE\"},\"url\":\"https:\\\/\\\/colombiainteligente.org\\\/es_co\\\/author\\\/difusioncolombiainteligente-org\\\/\"}]}<\/script>\n<!-- \/ Yoast SEO plugin. -->","yoast_head_json":{"title":"Centros de datos espaciales enfrentan l\u00edmites f\u00edsicos y econ\u00f3micos - Colombia Inteligente","robots":{"index":"index","follow":"follow","max-snippet":"max-snippet:-1","max-image-preview":"max-image-preview:large","max-video-preview":"max-video-preview:-1"},"canonical":"https:\/\/colombiainteligente.org\/es_co\/noticias-sectoriales\/centros-de-datos-espaciales-enfrentan-limites-fisicos-y-economicos\/","og_locale":"es_ES","og_type":"article","og_title":"Centros de datos espaciales enfrentan l\u00edmites f\u00edsicos y econ\u00f3micos - Colombia Inteligente","og_description":"La eliminaci\u00f3n de calor en el espacio podr\u00eda convertir los centros de datos orbitales en una alternativa mucho m\u00e1s costosa que las instalaciones terrestres.","og_url":"https:\/\/colombiainteligente.org\/es_co\/noticias-sectoriales\/centros-de-datos-espaciales-enfrentan-limites-fisicos-y-economicos\/","og_site_name":"Colombia Inteligente","article_published_time":"2026-09-01T18:43:38+00:00","article_modified_time":"2026-09-01T18:46:32+00:00","og_image":[{"width":2400,"height":1579,"url":"https:\/\/colombiainteligente.org\/wp-content\/uploads\/2026\/09\/470010926-05.png","type":"image\/png"}],"author":"DIFUSI\u00d3N COLOMBIA INTELIGENTE","twitter_card":"summary_large_image","twitter_creator":"@colombiaintelig","twitter_site":"@colombiaintelig","twitter_misc":{"Escrito por":"DIFUSI\u00d3N COLOMBIA INTELIGENTE","Tiempo estimado de lectura":"2 minutos"},"schema":{"@context":"https:\/\/schema.org","@graph":[{"@type":"Article","@id":"https:\/\/colombiainteligente.org\/noticias-sectoriales\/centros-de-datos-espaciales-enfrentan-limites-fisicos-y-economicos\/#article","isPartOf":{"@id":"https:\/\/colombiainteligente.org\/noticias-sectoriales\/centros-de-datos-espaciales-enfrentan-limites-fisicos-y-economicos\/"},"author":{"name":"DIFUSI\u00d3N COLOMBIA INTELIGENTE","@id":"https:\/\/colombiainteligente.org\/#\/schema\/person\/e207145d548b75a6d339ff1d4d3b0432"},"headline":"Centros de datos espaciales enfrentan l\u00edmites f\u00edsicos y econ\u00f3micos","datePublished":"2026-09-01T18:43:38+00:00","dateModified":"2026-09-01T18:46:32+00:00","mainEntityOfPage":{"@id":"https:\/\/colombiainteligente.org\/noticias-sectoriales\/centros-de-datos-espaciales-enfrentan-limites-fisicos-y-economicos\/"},"wordCount":355,"commentCount":0,"publisher":{"@id":"https:\/\/colombiainteligente.org\/#organization"},"image":{"@id":"https:\/\/colombiainteligente.org\/noticias-sectoriales\/centros-de-datos-espaciales-enfrentan-limites-fisicos-y-economicos\/#primaryimage"},"thumbnailUrl":"https:\/\/colombiainteligente.org\/wp-content\/uploads\/2026\/09\/470010926-05.png","articleSection":["Noticias Sectoriales"],"inLanguage":"es-CO","potentialAction":[{"@type":"CommentAction","name":"Comment","target":["https:\/\/colombiainteligente.org\/noticias-sectoriales\/centros-de-datos-espaciales-enfrentan-limites-fisicos-y-economicos\/#respond"]}]},{"@type":"WebPage","@id":"https:\/\/colombiainteligente.org\/noticias-sectoriales\/centros-de-datos-espaciales-enfrentan-limites-fisicos-y-economicos\/","url":"https:\/\/colombiainteligente.org\/noticias-sectoriales\/centros-de-datos-espaciales-enfrentan-limites-fisicos-y-economicos\/","name":"Centros de datos espaciales enfrentan l\u00edmites f\u00edsicos y econ\u00f3micos - Colombia Inteligente","isPartOf":{"@id":"https:\/\/colombiainteligente.org\/#website"},"primaryImageOfPage":{"@id":"https:\/\/colombiainteligente.org\/noticias-sectoriales\/centros-de-datos-espaciales-enfrentan-limites-fisicos-y-economicos\/#primaryimage"},"image":{"@id":"https:\/\/colombiainteligente.org\/noticias-sectoriales\/centros-de-datos-espaciales-enfrentan-limites-fisicos-y-economicos\/#primaryimage"},"thumbnailUrl":"https:\/\/colombiainteligente.org\/wp-content\/uploads\/2026\/09\/470010926-05.png","datePublished":"2026-09-01T18:43:38+00:00","dateModified":"2026-09-01T18:46:32+00:00","breadcrumb":{"@id":"https:\/\/colombiainteligente.org\/noticias-sectoriales\/centros-de-datos-espaciales-enfrentan-limites-fisicos-y-economicos\/#breadcrumb"},"inLanguage":"es-CO","potentialAction":[{"@type":"ReadAction","target":["https:\/\/colombiainteligente.org\/noticias-sectoriales\/centros-de-datos-espaciales-enfrentan-limites-fisicos-y-economicos\/"]}]},{"@type":"ImageObject","inLanguage":"es-CO","@id":"https:\/\/colombiainteligente.org\/noticias-sectoriales\/centros-de-datos-espaciales-enfrentan-limites-fisicos-y-economicos\/#primaryimage","url":"https:\/\/colombiainteligente.org\/wp-content\/uploads\/2026\/09\/470010926-05.png","contentUrl":"https:\/\/colombiainteligente.org\/wp-content\/uploads\/2026\/09\/470010926-05.png","width":2400,"height":1579,"caption":"Plataforma orbital con sat\u00e9lites, procesamiento de datos y sistemas de radiaci\u00f3n t\u00e9rmica."},{"@type":"BreadcrumbList","@id":"https:\/\/colombiainteligente.org\/noticias-sectoriales\/centros-de-datos-espaciales-enfrentan-limites-fisicos-y-economicos\/#breadcrumb","itemListElement":[{"@type":"ListItem","position":1,"name":"Portada","item":"https:\/\/colombiainteligente.org\/"},{"@type":"ListItem","position":2,"name":"Centros de datos espaciales enfrentan l\u00edmites f\u00edsicos y econ\u00f3micos"}]},{"@type":"WebSite","@id":"https:\/\/colombiainteligente.org\/#website","url":"https:\/\/colombiainteligente.org\/","name":"Colombia Inteligente","description":"Alianza estrat\u00e9gica, conformada por empresas y entidades, para la inserci\u00f3n integral y eficiente de las redes inteligentes a la infraestructura del sector el\u00e9ctrico colombiano","publisher":{"@id":"https:\/\/colombiainteligente.org\/#organization"},"potentialAction":[{"@type":"SearchAction","target":{"@type":"EntryPoint","urlTemplate":"https:\/\/colombiainteligente.org\/?s={search_term_string}"},"query-input":{"@type":"PropertyValueSpecification","valueRequired":true,"valueName":"search_term_string"}}],"inLanguage":"es-CO"},{"@type":"Organization","@id":"https:\/\/colombiainteligente.org\/#organization","name":"Colombia Inteligente","url":"https:\/\/colombiainteligente.org\/","logo":{"@type":"ImageObject","inLanguage":"es-CO","@id":"https:\/\/colombiainteligente.org\/#\/schema\/logo\/image\/","url":"https:\/\/colombiainteligente.org\/wp-content\/uploads\/2022\/07\/Image.png","contentUrl":"https:\/\/colombiainteligente.org\/wp-content\/uploads\/2022\/07\/Image.png","width":588,"height":274,"caption":"Colombia Inteligente"},"image":{"@id":"https:\/\/colombiainteligente.org\/#\/schema\/logo\/image\/"},"sameAs":["https:\/\/x.com\/colombiaintelig","https:\/\/www.linkedin.com\/company\/colombiainteligente\/"]},{"@type":"Person","@id":"https:\/\/colombiainteligente.org\/#\/schema\/person\/e207145d548b75a6d339ff1d4d3b0432","name":"DIFUSI\u00d3N COLOMBIA INTELIGENTE","image":{"@type":"ImageObject","inLanguage":"es-CO","@id":"https:\/\/secure.gravatar.com\/avatar\/df2e679ff2abf288cf4bf58830dad897e596908105ec8969f50f748a6d837869?s=96&d=mm&r=g","url":"https:\/\/secure.gravatar.com\/avatar\/df2e679ff2abf288cf4bf58830dad897e596908105ec8969f50f748a6d837869?s=96&d=mm&r=g","contentUrl":"https:\/\/secure.gravatar.com\/avatar\/df2e679ff2abf288cf4bf58830dad897e596908105ec8969f50f748a6d837869?s=96&d=mm&r=g","caption":"DIFUSI\u00d3N COLOMBIA INTELIGENTE"},"url":"https:\/\/colombiainteligente.org\/es_co\/author\/difusioncolombiainteligente-org\/"}]}},"yasr_visitor_votes":{"number_of_votes":0,"sum_votes":0,"stars_attributes":{"read_only":false,"span_bottom":false}},"_links":{"self":[{"href":"https:\/\/colombiainteligente.org\/es_co\/wp-json\/wp\/v2\/posts\/74925","targetHints":{"allow":["GET"]}}],"collection":[{"href":"https:\/\/colombiainteligente.org\/es_co\/wp-json\/wp\/v2\/posts"}],"about":[{"href":"https:\/\/colombiainteligente.org\/es_co\/wp-json\/wp\/v2\/types\/post"}],"author":[{"embeddable":true,"href":"https:\/\/colombiainteligente.org\/es_co\/wp-json\/wp\/v2\/users\/23"}],"replies":[{"embeddable":true,"href":"https:\/\/colombiainteligente.org\/es_co\/wp-json\/wp\/v2\/comments?post=74925"}],"version-history":[{"count":7,"href":"https:\/\/colombiainteligente.org\/es_co\/wp-json\/wp\/v2\/posts\/74925\/revisions"}],"predecessor-version":[{"id":74933,"href":"https:\/\/colombiainteligente.org\/es_co\/wp-json\/wp\/v2\/posts\/74925\/revisions\/74933"}],"wp:featuredmedia":[{"embeddable":true,"href":"https:\/\/colombiainteligente.org\/es_co\/wp-json\/wp\/v2\/media\/74926"}],"wp:attachment":[{"href":"https:\/\/colombiainteligente.org\/es_co\/wp-json\/wp\/v2\/media?parent=74925"}],"wp:term":[{"taxonomy":"category","embeddable":true,"href":"https:\/\/colombiainteligente.org\/es_co\/wp-json\/wp\/v2\/categories?post=74925"},{"taxonomy":"post_tag","embeddable":true,"href":"https:\/\/colombiainteligente.org\/es_co\/wp-json\/wp\/v2\/tags?post=74925"}],"curies":[{"name":"wp","href":"https:\/\/api.w.org\/{rel}","templated":true}]}}