{"id":74964,"date":"2026-09-01T14:03:11","date_gmt":"2026-09-01T19:03:11","guid":{"rendered":"https:\/\/colombiainteligente.org\/?p=74964"},"modified":"2026-09-01T14:07:19","modified_gmt":"2026-09-01T19:07:19","slug":"centros-de-datos-redefinen-energia-agua-y-desarrollo-local","status":"publish","type":"post","link":"https:\/\/colombiainteligente.org\/es_co\/noticias-sectoriales\/centros-de-datos-redefinen-energia-agua-y-desarrollo-local\/","title":{"rendered":"Centros de datos redefinen energ\u00eda, agua y desarrollo local"},"content":{"rendered":"<div data-elementor-type=\"wp-post\" data-elementor-id=\"74964\" class=\"elementor elementor-74964\" data-elementor-post-type=\"post\">\n\t\t\t\t\t\t\t\t\t<section class=\"elementor-section elementor-top-section elementor-element elementor-element-87c6aa2 elementor-section-boxed elementor-section-height-default elementor-section-height-default\" data-id=\"87c6aa2\" data-element_type=\"section\">\n\t\t\t\t\t\t<div class=\"elementor-container elementor-column-gap-default\">\n\t\t\t\t\t<div class=\"elementor-column elementor-col-100 elementor-top-column elementor-element elementor-element-558bb819\" data-id=\"558bb819\" data-element_type=\"column\">\n\t\t\t<div class=\"elementor-widget-wrap elementor-element-populated\">\n\t\t\t\t\t\t\t\t<div class=\"elementor-element elementor-element-3067325c elementor-widget elementor-widget-text-editor\" data-id=\"3067325c\" data-element_type=\"widget\" data-widget_type=\"text-editor.default\">\n\t\t\t\t<div class=\"elementor-widget-container\">\n\t\t\t<style>\/*! elementor - v3.14.0 - 26-06-2023 *\/\n.elementor-widget-text-editor.elementor-drop-cap-view-stacked .elementor-drop-cap{background-color:#69727d;color:#fff}.elementor-widget-text-editor.elementor-drop-cap-view-framed .elementor-drop-cap{color:#69727d;border:3px solid;background-color:transparent}.elementor-widget-text-editor:not(.elementor-drop-cap-view-default) .elementor-drop-cap{margin-top:8px}.elementor-widget-text-editor:not(.elementor-drop-cap-view-default) .elementor-drop-cap-letter{width:1em;height:1em}.elementor-widget-text-editor .elementor-drop-cap{float:left;text-align:center;line-height:1;font-size:50px}.elementor-widget-text-editor .elementor-drop-cap-letter{display:inline-block}<\/style>\t\t\t\t<p lang=\"en-US\">El crecimiento acelerado de los centros de datos se est\u00e1 convirtiendo en uno de los fen\u00f3menos con mayores implicaciones para la planificaci\u00f3n energ\u00e9tica, ambiental y territorial en Estados Unidos. Un an\u00e1lisis del World Resources Institute muestra que la discusi\u00f3n va mucho m\u00e1s all\u00e1 del consumo el\u00e9ctrico asociado a la inteligencia artificial y los servicios digitales. La expansi\u00f3n de estas instalaciones est\u00e1 generando efectos que alcanzan sistemas h\u00eddricos, calidad del aire, uso del suelo, infraestructura local y din\u00e1micas econ\u00f3micas de las comunidades donde se desarrollan nuevos proyectos.<br \/><br \/>La demanda de capacidad computacional contin\u00faa creciendo debido a la expansi\u00f3n de plataformas digitales, servicios en la nube e inteligencia artificial. Como consecuencia, las empresas tecnol\u00f3gicas est\u00e1n impulsando inversiones de gran escala en centros de datos cada vez m\u00e1s grandes y energ\u00e9ticamente intensivos. Algunas regiones comienzan a enfrentar incrementos significativos en requerimientos el\u00e9ctricos que compiten con otras necesidades de crecimiento industrial y residencial.<br \/><br \/>El informe tambi\u00e9n se\u00f1ala que el consumo de agua para enfriamiento constituye una preocupaci\u00f3n creciente en territorios sometidos a estr\u00e9s h\u00eddrico. Adicionalmente, la utilizaci\u00f3n de generadores de respaldo y la construcci\u00f3n de nueva infraestructura energ\u00e9tica pueden producir efectos sobre calidad del aire y emisiones locales. A esto se suman debates relacionados con ocupaci\u00f3n de terrenos, ruido, distribuci\u00f3n de incentivos econ\u00f3micos y beneficios percibidos por las comunidades receptoras.<br \/><br \/>Aunque los centros de datos generan empleo, inversi\u00f3n y fortalecimiento de capacidades digitales, su r\u00e1pida expansi\u00f3n exige mecanismos de gobernanza capaces de equilibrar crecimiento tecnol\u00f3gico con sostenibilidad ambiental y equidad territorial. Los autores destacan la importancia de reglas claras sobre abastecimiento energ\u00e9tico, uso de recursos naturales, participaci\u00f3n comunitaria y recuperaci\u00f3n de costos asociados a nuevas inversiones en infraestructura.<br \/><br \/>Para el sector energ\u00e9tico colombiano, la experiencia estadounidense ofrece se\u00f1ales tempranas sobre desaf\u00edos que podr\u00edan intensificarse a medida que la inteligencia artificial incremente la demanda el\u00e9ctrica global. La coordinaci\u00f3n entre digitalizaci\u00f3n, transici\u00f3n energ\u00e9tica y desarrollo territorial ser\u00e1 determinante para capturar beneficios econ\u00f3micos sin trasladar impactos desproporcionados a comunidades y ecosistemas.<\/p><p align=\"justify\"><span style=\"color: #800000;\"><b>Para leer m\u00e1s ingrese a:<\/b><\/span><\/p><p><a href=\"https:\/\/www.wri.org\/insights\/us-data-center-growth-impacts\">https:\/\/www.wri.org\/insights\/us-data-center-growth-impacts<\/a><\/p>\t\t\t\t\t\t<\/div>\n\t\t\t\t<\/div>\n\t\t\t\t\t<\/div>\n\t\t<\/div>\n\t\t\t\t\t\t\t<\/div>\n\t\t<\/section>\n\t\t\t\t\t\t\t<\/div>\n\t\t<div style=\"text-align:center\" class=\"yasr-auto-insert-visitor\"><\/div>","protected":false},"excerpt":{"rendered":"<p>La expansi\u00f3n acelerada de centros de datos est\u00e1 generando impactos sobre infraestructura, recursos naturales y comunidades.<\/p>","protected":false},"author":23,"featured_media":74965,"comment_status":"open","ping_status":"open","sticky":false,"template":"","format":"standard","meta":{"yasr_overall_rating":0,"yasr_post_is_review":"","yasr_auto_insert_disabled":"","yasr_review_type":"","footnotes":""},"categories":[52],"tags":[],"class_list":["post-74964","post","type-post","status-publish","format-standard","has-post-thumbnail","hentry","category-noticias-sectoriales"],"yoast_head":"<!-- This site is optimized with the Yoast SEO plugin v28.2 - https:\/\/yoast.com\/product\/yoast-seo-wordpress\/ -->\n<title>Centros de datos redefinen energ\u00eda, agua y desarrollo local - Colombia Inteligente<\/title>\n<meta name=\"robots\" content=\"index, follow, max-snippet:-1, max-image-preview:large, max-video-preview:-1\" \/>\n<link rel=\"canonical\" href=\"https:\/\/colombiainteligente.org\/es_co\/noticias-sectoriales\/centros-de-datos-redefinen-energia-agua-y-desarrollo-local\/\" \/>\n<meta property=\"og:locale\" content=\"es_ES\" \/>\n<meta property=\"og:type\" content=\"article\" \/>\n<meta property=\"og:title\" content=\"Centros de datos redefinen energ\u00eda, agua y desarrollo local - Colombia Inteligente\" \/>\n<meta property=\"og:description\" content=\"La expansi\u00f3n acelerada de centros de datos est\u00e1 generando impactos sobre infraestructura, recursos naturales y comunidades.\" \/>\n<meta property=\"og:url\" content=\"https:\/\/colombiainteligente.org\/es_co\/noticias-sectoriales\/centros-de-datos-redefinen-energia-agua-y-desarrollo-local\/\" \/>\n<meta property=\"og:site_name\" content=\"Colombia Inteligente\" \/>\n<meta property=\"article:published_time\" content=\"2026-09-01T19:03:11+00:00\" \/>\n<meta property=\"article:modified_time\" content=\"2026-09-01T19:07:19+00:00\" \/>\n<meta property=\"og:image\" content=\"https:\/\/colombiainteligente.org\/wp-content\/uploads\/2026\/09\/470010926-09.png\" \/>\n\t<meta property=\"og:image:width\" content=\"768\" \/>\n\t<meta property=\"og:image:height\" content=\"400\" \/>\n\t<meta property=\"og:image:type\" content=\"image\/png\" \/>\n<meta name=\"author\" content=\"DIFUSI\u00d3N COLOMBIA INTELIGENTE\" \/>\n<meta name=\"twitter:card\" content=\"summary_large_image\" \/>\n<meta name=\"twitter:creator\" content=\"@colombiaintelig\" \/>\n<meta name=\"twitter:site\" content=\"@colombiaintelig\" \/>\n<meta name=\"twitter:label1\" content=\"Escrito por\" \/>\n\t<meta name=\"twitter:data1\" content=\"DIFUSI\u00d3N COLOMBIA INTELIGENTE\" \/>\n\t<meta name=\"twitter:label2\" content=\"Tiempo estimado de lectura\" \/>\n\t<meta name=\"twitter:data2\" content=\"2 minutos\" \/>\n<script type=\"application\/ld+json\" class=\"yoast-schema-graph\">{\"@context\":\"https:\\\/\\\/schema.org\",\"@graph\":[{\"@type\":\"Article\",\"@id\":\"https:\\\/\\\/colombiainteligente.org\\\/noticias-sectoriales\\\/centros-de-datos-redefinen-energia-agua-y-desarrollo-local\\\/#article\",\"isPartOf\":{\"@id\":\"https:\\\/\\\/colombiainteligente.org\\\/noticias-sectoriales\\\/centros-de-datos-redefinen-energia-agua-y-desarrollo-local\\\/\"},\"author\":{\"name\":\"DIFUSI\u00d3N COLOMBIA INTELIGENTE\",\"@id\":\"https:\\\/\\\/colombiainteligente.org\\\/#\\\/schema\\\/person\\\/e207145d548b75a6d339ff1d4d3b0432\"},\"headline\":\"Centros de datos redefinen energ\u00eda, agua y desarrollo local\",\"datePublished\":\"2026-09-01T19:03:11+00:00\",\"dateModified\":\"2026-09-01T19:07:19+00:00\",\"mainEntityOfPage\":{\"@id\":\"https:\\\/\\\/colombiainteligente.org\\\/noticias-sectoriales\\\/centros-de-datos-redefinen-energia-agua-y-desarrollo-local\\\/\"},\"wordCount\":392,\"commentCount\":0,\"publisher\":{\"@id\":\"https:\\\/\\\/colombiainteligente.org\\\/#organization\"},\"image\":{\"@id\":\"https:\\\/\\\/colombiainteligente.org\\\/noticias-sectoriales\\\/centros-de-datos-redefinen-energia-agua-y-desarrollo-local\\\/#primaryimage\"},\"thumbnailUrl\":\"https:\\\/\\\/colombiainteligente.org\\\/wp-content\\\/uploads\\\/2026\\\/09\\\/470010926-09.png\",\"articleSection\":[\"Noticias Sectoriales\"],\"inLanguage\":\"es-CO\",\"potentialAction\":[{\"@type\":\"CommentAction\",\"name\":\"Comment\",\"target\":[\"https:\\\/\\\/colombiainteligente.org\\\/noticias-sectoriales\\\/centros-de-datos-redefinen-energia-agua-y-desarrollo-local\\\/#respond\"]}]},{\"@type\":\"WebPage\",\"@id\":\"https:\\\/\\\/colombiainteligente.org\\\/noticias-sectoriales\\\/centros-de-datos-redefinen-energia-agua-y-desarrollo-local\\\/\",\"url\":\"https:\\\/\\\/colombiainteligente.org\\\/noticias-sectoriales\\\/centros-de-datos-redefinen-energia-agua-y-desarrollo-local\\\/\",\"name\":\"Centros de datos redefinen energ\u00eda, agua y desarrollo local - Colombia Inteligente\",\"isPartOf\":{\"@id\":\"https:\\\/\\\/colombiainteligente.org\\\/#website\"},\"primaryImageOfPage\":{\"@id\":\"https:\\\/\\\/colombiainteligente.org\\\/noticias-sectoriales\\\/centros-de-datos-redefinen-energia-agua-y-desarrollo-local\\\/#primaryimage\"},\"image\":{\"@id\":\"https:\\\/\\\/colombiainteligente.org\\\/noticias-sectoriales\\\/centros-de-datos-redefinen-energia-agua-y-desarrollo-local\\\/#primaryimage\"},\"thumbnailUrl\":\"https:\\\/\\\/colombiainteligente.org\\\/wp-content\\\/uploads\\\/2026\\\/09\\\/470010926-09.png\",\"datePublished\":\"2026-09-01T19:03:11+00:00\",\"dateModified\":\"2026-09-01T19:07:19+00:00\",\"breadcrumb\":{\"@id\":\"https:\\\/\\\/colombiainteligente.org\\\/noticias-sectoriales\\\/centros-de-datos-redefinen-energia-agua-y-desarrollo-local\\\/#breadcrumb\"},\"inLanguage\":\"es-CO\",\"potentialAction\":[{\"@type\":\"ReadAction\",\"target\":[\"https:\\\/\\\/colombiainteligente.org\\\/noticias-sectoriales\\\/centros-de-datos-redefinen-energia-agua-y-desarrollo-local\\\/\"]}]},{\"@type\":\"ImageObject\",\"inLanguage\":\"es-CO\",\"@id\":\"https:\\\/\\\/colombiainteligente.org\\\/noticias-sectoriales\\\/centros-de-datos-redefinen-energia-agua-y-desarrollo-local\\\/#primaryimage\",\"url\":\"https:\\\/\\\/colombiainteligente.org\\\/wp-content\\\/uploads\\\/2026\\\/09\\\/470010926-09.png\",\"contentUrl\":\"https:\\\/\\\/colombiainteligente.org\\\/wp-content\\\/uploads\\\/2026\\\/09\\\/470010926-09.png\",\"width\":768,\"height\":400,\"caption\":\"Vista a\u00e9rea panor\u00e1mica de un complejo de centros de datos industriales rodeado de \u00e1reas verdes, campos deportivos y zonas residenciales suburbanas.\"},{\"@type\":\"BreadcrumbList\",\"@id\":\"https:\\\/\\\/colombiainteligente.org\\\/noticias-sectoriales\\\/centros-de-datos-redefinen-energia-agua-y-desarrollo-local\\\/#breadcrumb\",\"itemListElement\":[{\"@type\":\"ListItem\",\"position\":1,\"name\":\"Portada\",\"item\":\"https:\\\/\\\/colombiainteligente.org\\\/\"},{\"@type\":\"ListItem\",\"position\":2,\"name\":\"Centros de datos redefinen energ\u00eda, agua y desarrollo local\"}]},{\"@type\":\"WebSite\",\"@id\":\"https:\\\/\\\/colombiainteligente.org\\\/#website\",\"url\":\"https:\\\/\\\/colombiainteligente.org\\\/\",\"name\":\"Colombia Inteligente\",\"description\":\"Alianza estrat\u00e9gica, conformada por empresas y entidades, para la inserci\u00f3n integral y eficiente de las redes inteligentes a la infraestructura del sector el\u00e9ctrico colombiano\",\"publisher\":{\"@id\":\"https:\\\/\\\/colombiainteligente.org\\\/#organization\"},\"potentialAction\":[{\"@type\":\"SearchAction\",\"target\":{\"@type\":\"EntryPoint\",\"urlTemplate\":\"https:\\\/\\\/colombiainteligente.org\\\/?s={search_term_string}\"},\"query-input\":{\"@type\":\"PropertyValueSpecification\",\"valueRequired\":true,\"valueName\":\"search_term_string\"}}],\"inLanguage\":\"es-CO\"},{\"@type\":\"Organization\",\"@id\":\"https:\\\/\\\/colombiainteligente.org\\\/#organization\",\"name\":\"Colombia Inteligente\",\"url\":\"https:\\\/\\\/colombiainteligente.org\\\/\",\"logo\":{\"@type\":\"ImageObject\",\"inLanguage\":\"es-CO\",\"@id\":\"https:\\\/\\\/colombiainteligente.org\\\/#\\\/schema\\\/logo\\\/image\\\/\",\"url\":\"https:\\\/\\\/colombiainteligente.org\\\/wp-content\\\/uploads\\\/2022\\\/07\\\/Image.png\",\"contentUrl\":\"https:\\\/\\\/colombiainteligente.org\\\/wp-content\\\/uploads\\\/2022\\\/07\\\/Image.png\",\"width\":588,\"height\":274,\"caption\":\"Colombia Inteligente\"},\"image\":{\"@id\":\"https:\\\/\\\/colombiainteligente.org\\\/#\\\/schema\\\/logo\\\/image\\\/\"},\"sameAs\":[\"https:\\\/\\\/x.com\\\/colombiaintelig\",\"https:\\\/\\\/www.linkedin.com\\\/company\\\/colombiainteligente\\\/\"]},{\"@type\":\"Person\",\"@id\":\"https:\\\/\\\/colombiainteligente.org\\\/#\\\/schema\\\/person\\\/e207145d548b75a6d339ff1d4d3b0432\",\"name\":\"DIFUSI\u00d3N COLOMBIA INTELIGENTE\",\"image\":{\"@type\":\"ImageObject\",\"inLanguage\":\"es-CO\",\"@id\":\"https:\\\/\\\/secure.gravatar.com\\\/avatar\\\/df2e679ff2abf288cf4bf58830dad897e596908105ec8969f50f748a6d837869?s=96&d=mm&r=g\",\"url\":\"https:\\\/\\\/secure.gravatar.com\\\/avatar\\\/df2e679ff2abf288cf4bf58830dad897e596908105ec8969f50f748a6d837869?s=96&d=mm&r=g\",\"contentUrl\":\"https:\\\/\\\/secure.gravatar.com\\\/avatar\\\/df2e679ff2abf288cf4bf58830dad897e596908105ec8969f50f748a6d837869?s=96&d=mm&r=g\",\"caption\":\"DIFUSI\u00d3N COLOMBIA INTELIGENTE\"},\"url\":\"https:\\\/\\\/colombiainteligente.org\\\/es_co\\\/author\\\/difusioncolombiainteligente-org\\\/\"}]}<\/script>\n<!-- \/ Yoast SEO plugin. -->","yoast_head_json":{"title":"Centros de datos redefinen energ\u00eda, agua y desarrollo local - Colombia Inteligente","robots":{"index":"index","follow":"follow","max-snippet":"max-snippet:-1","max-image-preview":"max-image-preview:large","max-video-preview":"max-video-preview:-1"},"canonical":"https:\/\/colombiainteligente.org\/es_co\/noticias-sectoriales\/centros-de-datos-redefinen-energia-agua-y-desarrollo-local\/","og_locale":"es_ES","og_type":"article","og_title":"Centros de datos redefinen energ\u00eda, agua y desarrollo local - Colombia Inteligente","og_description":"La expansi\u00f3n acelerada de centros de datos est\u00e1 generando impactos sobre infraestructura, recursos naturales y comunidades.","og_url":"https:\/\/colombiainteligente.org\/es_co\/noticias-sectoriales\/centros-de-datos-redefinen-energia-agua-y-desarrollo-local\/","og_site_name":"Colombia Inteligente","article_published_time":"2026-09-01T19:03:11+00:00","article_modified_time":"2026-09-01T19:07:19+00:00","og_image":[{"width":768,"height":400,"url":"https:\/\/colombiainteligente.org\/wp-content\/uploads\/2026\/09\/470010926-09.png","type":"image\/png"}],"author":"DIFUSI\u00d3N COLOMBIA INTELIGENTE","twitter_card":"summary_large_image","twitter_creator":"@colombiaintelig","twitter_site":"@colombiaintelig","twitter_misc":{"Escrito por":"DIFUSI\u00d3N COLOMBIA INTELIGENTE","Tiempo estimado de lectura":"2 minutos"},"schema":{"@context":"https:\/\/schema.org","@graph":[{"@type":"Article","@id":"https:\/\/colombiainteligente.org\/noticias-sectoriales\/centros-de-datos-redefinen-energia-agua-y-desarrollo-local\/#article","isPartOf":{"@id":"https:\/\/colombiainteligente.org\/noticias-sectoriales\/centros-de-datos-redefinen-energia-agua-y-desarrollo-local\/"},"author":{"name":"DIFUSI\u00d3N COLOMBIA INTELIGENTE","@id":"https:\/\/colombiainteligente.org\/#\/schema\/person\/e207145d548b75a6d339ff1d4d3b0432"},"headline":"Centros de datos redefinen energ\u00eda, agua y desarrollo local","datePublished":"2026-09-01T19:03:11+00:00","dateModified":"2026-09-01T19:07:19+00:00","mainEntityOfPage":{"@id":"https:\/\/colombiainteligente.org\/noticias-sectoriales\/centros-de-datos-redefinen-energia-agua-y-desarrollo-local\/"},"wordCount":392,"commentCount":0,"publisher":{"@id":"https:\/\/colombiainteligente.org\/#organization"},"image":{"@id":"https:\/\/colombiainteligente.org\/noticias-sectoriales\/centros-de-datos-redefinen-energia-agua-y-desarrollo-local\/#primaryimage"},"thumbnailUrl":"https:\/\/colombiainteligente.org\/wp-content\/uploads\/2026\/09\/470010926-09.png","articleSection":["Noticias Sectoriales"],"inLanguage":"es-CO","potentialAction":[{"@type":"CommentAction","name":"Comment","target":["https:\/\/colombiainteligente.org\/noticias-sectoriales\/centros-de-datos-redefinen-energia-agua-y-desarrollo-local\/#respond"]}]},{"@type":"WebPage","@id":"https:\/\/colombiainteligente.org\/noticias-sectoriales\/centros-de-datos-redefinen-energia-agua-y-desarrollo-local\/","url":"https:\/\/colombiainteligente.org\/noticias-sectoriales\/centros-de-datos-redefinen-energia-agua-y-desarrollo-local\/","name":"Centros de datos redefinen energ\u00eda, agua y desarrollo local - Colombia Inteligente","isPartOf":{"@id":"https:\/\/colombiainteligente.org\/#website"},"primaryImageOfPage":{"@id":"https:\/\/colombiainteligente.org\/noticias-sectoriales\/centros-de-datos-redefinen-energia-agua-y-desarrollo-local\/#primaryimage"},"image":{"@id":"https:\/\/colombiainteligente.org\/noticias-sectoriales\/centros-de-datos-redefinen-energia-agua-y-desarrollo-local\/#primaryimage"},"thumbnailUrl":"https:\/\/colombiainteligente.org\/wp-content\/uploads\/2026\/09\/470010926-09.png","datePublished":"2026-09-01T19:03:11+00:00","dateModified":"2026-09-01T19:07:19+00:00","breadcrumb":{"@id":"https:\/\/colombiainteligente.org\/noticias-sectoriales\/centros-de-datos-redefinen-energia-agua-y-desarrollo-local\/#breadcrumb"},"inLanguage":"es-CO","potentialAction":[{"@type":"ReadAction","target":["https:\/\/colombiainteligente.org\/noticias-sectoriales\/centros-de-datos-redefinen-energia-agua-y-desarrollo-local\/"]}]},{"@type":"ImageObject","inLanguage":"es-CO","@id":"https:\/\/colombiainteligente.org\/noticias-sectoriales\/centros-de-datos-redefinen-energia-agua-y-desarrollo-local\/#primaryimage","url":"https:\/\/colombiainteligente.org\/wp-content\/uploads\/2026\/09\/470010926-09.png","contentUrl":"https:\/\/colombiainteligente.org\/wp-content\/uploads\/2026\/09\/470010926-09.png","width":768,"height":400,"caption":"Vista a\u00e9rea panor\u00e1mica de un complejo de centros de datos industriales rodeado de \u00e1reas verdes, campos deportivos y zonas residenciales suburbanas."},{"@type":"BreadcrumbList","@id":"https:\/\/colombiainteligente.org\/noticias-sectoriales\/centros-de-datos-redefinen-energia-agua-y-desarrollo-local\/#breadcrumb","itemListElement":[{"@type":"ListItem","position":1,"name":"Portada","item":"https:\/\/colombiainteligente.org\/"},{"@type":"ListItem","position":2,"name":"Centros de datos redefinen energ\u00eda, agua y desarrollo local"}]},{"@type":"WebSite","@id":"https:\/\/colombiainteligente.org\/#website","url":"https:\/\/colombiainteligente.org\/","name":"Colombia Inteligente","description":"Alianza estrat\u00e9gica, conformada por empresas y entidades, para la inserci\u00f3n integral y eficiente de las redes inteligentes a la infraestructura del sector el\u00e9ctrico colombiano","publisher":{"@id":"https:\/\/colombiainteligente.org\/#organization"},"potentialAction":[{"@type":"SearchAction","target":{"@type":"EntryPoint","urlTemplate":"https:\/\/colombiainteligente.org\/?s={search_term_string}"},"query-input":{"@type":"PropertyValueSpecification","valueRequired":true,"valueName":"search_term_string"}}],"inLanguage":"es-CO"},{"@type":"Organization","@id":"https:\/\/colombiainteligente.org\/#organization","name":"Colombia Inteligente","url":"https:\/\/colombiainteligente.org\/","logo":{"@type":"ImageObject","inLanguage":"es-CO","@id":"https:\/\/colombiainteligente.org\/#\/schema\/logo\/image\/","url":"https:\/\/colombiainteligente.org\/wp-content\/uploads\/2022\/07\/Image.png","contentUrl":"https:\/\/colombiainteligente.org\/wp-content\/uploads\/2022\/07\/Image.png","width":588,"height":274,"caption":"Colombia Inteligente"},"image":{"@id":"https:\/\/colombiainteligente.org\/#\/schema\/logo\/image\/"},"sameAs":["https:\/\/x.com\/colombiaintelig","https:\/\/www.linkedin.com\/company\/colombiainteligente\/"]},{"@type":"Person","@id":"https:\/\/colombiainteligente.org\/#\/schema\/person\/e207145d548b75a6d339ff1d4d3b0432","name":"DIFUSI\u00d3N COLOMBIA INTELIGENTE","image":{"@type":"ImageObject","inLanguage":"es-CO","@id":"https:\/\/secure.gravatar.com\/avatar\/df2e679ff2abf288cf4bf58830dad897e596908105ec8969f50f748a6d837869?s=96&d=mm&r=g","url":"https:\/\/secure.gravatar.com\/avatar\/df2e679ff2abf288cf4bf58830dad897e596908105ec8969f50f748a6d837869?s=96&d=mm&r=g","contentUrl":"https:\/\/secure.gravatar.com\/avatar\/df2e679ff2abf288cf4bf58830dad897e596908105ec8969f50f748a6d837869?s=96&d=mm&r=g","caption":"DIFUSI\u00d3N COLOMBIA INTELIGENTE"},"url":"https:\/\/colombiainteligente.org\/es_co\/author\/difusioncolombiainteligente-org\/"}]}},"yasr_visitor_votes":{"number_of_votes":0,"sum_votes":0,"stars_attributes":{"read_only":false,"span_bottom":false}},"_links":{"self":[{"href":"https:\/\/colombiainteligente.org\/es_co\/wp-json\/wp\/v2\/posts\/74964","targetHints":{"allow":["GET"]}}],"collection":[{"href":"https:\/\/colombiainteligente.org\/es_co\/wp-json\/wp\/v2\/posts"}],"about":[{"href":"https:\/\/colombiainteligente.org\/es_co\/wp-json\/wp\/v2\/types\/post"}],"author":[{"embeddable":true,"href":"https:\/\/colombiainteligente.org\/es_co\/wp-json\/wp\/v2\/users\/23"}],"replies":[{"embeddable":true,"href":"https:\/\/colombiainteligente.org\/es_co\/wp-json\/wp\/v2\/comments?post=74964"}],"version-history":[{"count":7,"href":"https:\/\/colombiainteligente.org\/es_co\/wp-json\/wp\/v2\/posts\/74964\/revisions"}],"predecessor-version":[{"id":74973,"href":"https:\/\/colombiainteligente.org\/es_co\/wp-json\/wp\/v2\/posts\/74964\/revisions\/74973"}],"wp:featuredmedia":[{"embeddable":true,"href":"https:\/\/colombiainteligente.org\/es_co\/wp-json\/wp\/v2\/media\/74965"}],"wp:attachment":[{"href":"https:\/\/colombiainteligente.org\/es_co\/wp-json\/wp\/v2\/media?parent=74964"}],"wp:term":[{"taxonomy":"category","embeddable":true,"href":"https:\/\/colombiainteligente.org\/es_co\/wp-json\/wp\/v2\/categories?post=74964"},{"taxonomy":"post_tag","embeddable":true,"href":"https:\/\/colombiainteligente.org\/es_co\/wp-json\/wp\/v2\/tags?post=74964"}],"curies":[{"name":"wp","href":"https:\/\/api.w.org\/{rel}","templated":true}]}}