{"id":74985,"date":"2026-09-01T15:30:57","date_gmt":"2026-09-01T20:30:57","guid":{"rendered":"https:\/\/colombiainteligente.org\/?p=74985"},"modified":"2026-09-01T15:33:31","modified_gmt":"2026-09-01T20:33:31","slug":"2025-full-progress-review-on-the-implementation-of-the-council-recommendation-on-ensuring-a-fair-transition-towards-climate-neutrality","status":"publish","type":"post","link":"https:\/\/colombiainteligente.org\/es_co\/tendencias\/2025-full-progress-review-on-the-implementation-of-the-council-recommendation-on-ensuring-a-fair-transition-towards-climate-neutrality\/","title":{"rendered":"2025 Full Progress review on the implementation of the Council Recommendation on ensuring a fair transition towards climate neutrality"},"content":{"rendered":"<div data-elementor-type=\"wp-post\" data-elementor-id=\"74985\" class=\"elementor elementor-74985\" data-elementor-post-type=\"post\">\n\t\t\t\t\t\t\t\t\t<section class=\"elementor-section elementor-top-section elementor-element elementor-element-87c6aa2 elementor-section-boxed elementor-section-height-default elementor-section-height-default\" data-id=\"87c6aa2\" data-element_type=\"section\">\n\t\t\t\t\t\t<div class=\"elementor-container elementor-column-gap-default\">\n\t\t\t\t\t<div class=\"elementor-column elementor-col-100 elementor-top-column elementor-element elementor-element-558bb819\" data-id=\"558bb819\" data-element_type=\"column\">\n\t\t\t<div class=\"elementor-widget-wrap elementor-element-populated\">\n\t\t\t\t\t\t\t\t<div class=\"elementor-element elementor-element-3067325c elementor-widget elementor-widget-text-editor\" data-id=\"3067325c\" data-element_type=\"widget\" data-widget_type=\"text-editor.default\">\n\t\t\t\t<div class=\"elementor-widget-container\">\n\t\t\t<style>\/*! elementor - v3.14.0 - 26-06-2023 *\/\n.elementor-widget-text-editor.elementor-drop-cap-view-stacked .elementor-drop-cap{background-color:#69727d;color:#fff}.elementor-widget-text-editor.elementor-drop-cap-view-framed .elementor-drop-cap{color:#69727d;border:3px solid;background-color:transparent}.elementor-widget-text-editor:not(.elementor-drop-cap-view-default) .elementor-drop-cap{margin-top:8px}.elementor-widget-text-editor:not(.elementor-drop-cap-view-default) .elementor-drop-cap-letter{width:1em;height:1em}.elementor-widget-text-editor .elementor-drop-cap{float:left;text-align:center;line-height:1;font-size:50px}.elementor-widget-text-editor .elementor-drop-cap-letter{display:inline-block}<\/style>\t\t\t\t<p lang=\"en-US\">Desde la adopci\u00f3n de la Recomendaci\u00f3n del Consejo sobre la garant\u00eda de una transici\u00f3n justa hacia la neutralidad clim\u00e1tica en 2022, la Uni\u00f3n Europea ha buscado que la descarbonizaci\u00f3n de su econom\u00eda no profundice las desigualdades existentes entre trabajadores, sectores y regiones. Este instrumento forma parte del paquete Fit for 55 y complementa al Fondo de Transici\u00f3n Justa y al nuevo Fondo Social para el Clima, orientando a los Estados miembros hacia pol\u00edticas activas de empleo, formaci\u00f3n, fiscalidad y acceso a servicios esenciales que protejan a las poblaciones m\u00e1s expuestas al cambio estructural del sistema energ\u00e9tico. El documento aqu\u00ed analizado corresponde a la segunda revisi\u00f3n de avances de dicha Recomendaci\u00f3n, la primera de car\u00e1cter integral, realizada por la Comisi\u00f3n Europea entre mayo y junio de 2025 con la participaci\u00f3n de los veintisiete Estados miembros.<br \/><br \/>La metodolog\u00eda combin\u00f3 un cuestionario de autoevaluaci\u00f3n enviado a los gobiernos nacionales con audiencias espec\u00edficas dirigidas a organizaciones de la sociedad civil y a interlocutores sociales. La autoevaluaci\u00f3n contabiliz\u00f3 m\u00e1s de 500 medidas nuevas reportadas desde 2023, repartidas en cuatro paquetes tem\u00e1ticos: apoyo al empleo de calidad y a las transiciones laborales justas, educaci\u00f3n y formaci\u00f3n continua, equidad de los sistemas tributarios y de protecci\u00f3n social, y acceso a servicios esenciales y vivienda. El paquete de empleo concentr\u00f3 el mayor n\u00famero de iniciativas, con 216 medidas, seguido de educaci\u00f3n y competencias con 122, acceso a servicios esenciales con 100 y fiscalidad y protecci\u00f3n social con 87. El texto advierte, sin embargo, que el n\u00famero de medidas reportadas no equivale a una evaluaci\u00f3n de su calidad, cobertura o impacto real, y que persisten limitaciones metodol\u00f3gicas para comparar el esfuerzo entre pa\u00edses.<br \/><br \/>Las consultas con actores sociales aportan matices importantes al panorama cuantitativo. Las organizaciones de sociedad civil se\u00f1alan un conocimiento limitado de la Recomendaci\u00f3n entre autoridades locales, capacidades anal\u00edticas desiguales para medir impactos socioecon\u00f3micos y vac\u00edos persistentes en datos desagregados sobre grupos vulnerables, migrantes y hogares de bajos ingresos. Los interlocutores sociales, tanto empleadores como sindicatos, coinciden en respaldar el establecimiento del futuro Observatorio Europeo de Transici\u00f3n Justa, aunque discrepan sobre la necesidad de un marco legal vinculante: mientras las organizaciones sindicales piden una directiva europea sobre transici\u00f3n justa en el mundo del trabajo, los empleadores prefieren fortalecer la implementaci\u00f3n de los instrumentos ya existentes y reducir la carga regulatoria.<br \/><br \/>Entre las pol\u00edticas espec\u00edficas revisadas figuran los servicios p\u00fablicos de empleo, activos en veintid\u00f3s pa\u00edses a trav\u00e9s de programas de recualificaci\u00f3n dirigidos a trabajadores en riesgo por el cierre de actividades intensivas en carbono; los incentivos a la contrataci\u00f3n y transici\u00f3n laboral, presentes en trece pa\u00edses, como el esquema estonio para trabajadores de la industria del esquisto bituminoso; y el fomento del emprendimiento en la econom\u00eda social, adoptado por diecis\u00e9is pa\u00edses. Tambi\u00e9n se documentan avances desiguales en seguridad y salud ocupacional frente a olas de calor y eventos clim\u00e1ticos extremos, as\u00ed como reformas fiscales orientadas a trasladar la carga tributaria del trabajo hacia el consumo de recursos ambientales. Casos como el plan franc\u00e9s de inversi\u00f3n en competencias, la estrategia irlandesa de habilidades verdes o la reforma fiscal neerlandesa ilustran la variedad de enfoques nacionales disponibles. Para profesionales colombianos del sector energ\u00e9tico que participan en el dise\u00f1o de pol\u00edticas de transici\u00f3n justa, formaci\u00f3n t\u00e9cnica o protecci\u00f3n social vinculada a la electrificaci\u00f3n y la descarbonizaci\u00f3n, este informe ofrece un cat\u00e1logo comparado de instrumentos de pol\u00edtica p\u00fablica europea, con indicadores de seguimiento y ejemplos replicables sobre c\u00f3mo articular el empleo, la fiscalidad y la protecci\u00f3n social alrededor de una transici\u00f3n energ\u00e9tica m\u00e1s equitativa.<\/p><p align=\"justify\"><span style=\"color: #800000;\"><b>Para leer m\u00e1s ingrese a:<\/b><\/span><\/p><p><a href=\"https:\/\/commission.europa.euhttps:\/\/webgate.ec.europa.eu\/circabc-ewpp\/d\/d\/workspace\/SpacesStore\/146d27c1-90e0-464d-a576-35583acd67a1\/download\">https:\/\/commission.europa.euhttps:\/\/webgate.ec.europa.eu\/circabc-ewpp\/d\/d\/workspace\/SpacesStore\/146d27c1-90e0-464d-a576-35583acd67a1\/download<\/a><\/p>\t\t\t\t\t\t<\/div>\n\t\t\t\t<\/div>\n\t\t\t\t\t<\/div>\n\t\t<\/div>\n\t\t\t\t\t\t\t<\/div>\n\t\t<\/section>\n\t\t\t\t\t\t\t<\/div>\n\t\t<div style=\"text-align:center\" class=\"yasr-auto-insert-visitor\"><\/div>","protected":false},"excerpt":{"rendered":"<p>La Comisi\u00f3n Europea presenta los resultados de la primera revisi\u00f3n integral sobre la aplicaci\u00f3n de la recomendaci\u00f3n del Consejo relativa a garantizar una transici\u00f3n justa hacia la neutralidad clim\u00e1tica, realizada entre mayo y junio de 2025. El ejercicio recoge m\u00e1s de 500 medidas adicionales reportadas por los Estados miembros desde la revisi\u00f3n parcial de 2023, distribuidas en cuatro paquetes de pol\u00edtica: apoyo activo al empleo de calidad, educaci\u00f3n y formaci\u00f3n continua, equidad de los sistemas fiscales y de protecci\u00f3n social, y acceso a servicios esenciales y vivienda. El documento incorpora adem\u00e1s las posiciones recogidas en di\u00e1logos con organizaciones de la sociedad civil y con interlocutores sociales, quienes se\u00f1alan avances desiguales, vac\u00edos de datos desagregados y la necesidad de mayor participaci\u00f3n en el dise\u00f1o y seguimiento de las pol\u00edticas. Entre los hallazgos, destaca que casi todos los pa\u00edses cuentan con pol\u00edticas activas de empleo orientadas a la reconversi\u00f3n laboral, aunque persisten brechas en la anticipaci\u00f3n de la reestructuraci\u00f3n empresarial y en el desarrollo de competencias verdes homologadas. Para el sector energ\u00e9tico colombiano, el informe ofrece un panorama comparativo de instrumentos de pol\u00edtica p\u00fablica, financiaci\u00f3n y gobernanza que puede orientar el dise\u00f1o de mecanismos propios de transici\u00f3n justa, especialmente en formaci\u00f3n t\u00e9cnica, protecci\u00f3n social y participaci\u00f3n de trabajadores y comunidades.<\/p>","protected":false},"author":23,"featured_media":74986,"comment_status":"open","ping_status":"open","sticky":false,"template":"","format":"standard","meta":{"yasr_overall_rating":0,"yasr_post_is_review":"","yasr_auto_insert_disabled":"","yasr_review_type":"","footnotes":""},"categories":[56,53],"tags":[],"class_list":["post-74985","post","type-post","status-publish","format-standard","has-post-thumbnail","hentry","category-convergencia-y-sostenibilidad","category-tendencias"],"yoast_head":"<!-- This site is optimized with the Yoast SEO plugin v28.2 - https:\/\/yoast.com\/product\/yoast-seo-wordpress\/ -->\n<title>2025 Full Progress review on the implementation of the Council Recommendation on ensuring a fair transition towards climate neutrality - Colombia Inteligente<\/title>\n<meta name=\"robots\" content=\"index, follow, max-snippet:-1, max-image-preview:large, max-video-preview:-1\" \/>\n<link rel=\"canonical\" href=\"https:\/\/colombiainteligente.org\/es_co\/tendencias\/2025-full-progress-review-on-the-implementation-of-the-council-recommendation-on-ensuring-a-fair-transition-towards-climate-neutrality\/\" \/>\n<meta property=\"og:locale\" content=\"es_ES\" \/>\n<meta property=\"og:type\" content=\"article\" \/>\n<meta property=\"og:title\" content=\"2025 Full Progress review on the implementation of the Council Recommendation on ensuring a fair transition towards climate neutrality - Colombia Inteligente\" \/>\n<meta property=\"og:description\" content=\"La Comisi\u00f3n Europea presenta los resultados de la primera revisi\u00f3n integral sobre la aplicaci\u00f3n de la recomendaci\u00f3n del Consejo relativa a garantizar una transici\u00f3n justa hacia la neutralidad clim\u00e1tica, realizada entre mayo y junio de 2025. El ejercicio recoge m\u00e1s de 500 medidas adicionales reportadas por los Estados miembros desde la revisi\u00f3n parcial de 2023, distribuidas en cuatro paquetes de pol\u00edtica: apoyo activo al empleo de calidad, educaci\u00f3n y formaci\u00f3n continua, equidad de los sistemas fiscales y de protecci\u00f3n social, y acceso a servicios esenciales y vivienda. El documento incorpora adem\u00e1s las posiciones recogidas en di\u00e1logos con organizaciones de la sociedad civil y con interlocutores sociales, quienes se\u00f1alan avances desiguales, vac\u00edos de datos desagregados y la necesidad de mayor participaci\u00f3n en el dise\u00f1o y seguimiento de las pol\u00edticas. Entre los hallazgos, destaca que casi todos los pa\u00edses cuentan con pol\u00edticas activas de empleo orientadas a la reconversi\u00f3n laboral, aunque persisten brechas en la anticipaci\u00f3n de la reestructuraci\u00f3n empresarial y en el desarrollo de competencias verdes homologadas. Para el sector energ\u00e9tico colombiano, el informe ofrece un panorama comparativo de instrumentos de pol\u00edtica p\u00fablica, financiaci\u00f3n y gobernanza que puede orientar el dise\u00f1o de mecanismos propios de transici\u00f3n justa, especialmente en formaci\u00f3n t\u00e9cnica, protecci\u00f3n social y participaci\u00f3n de trabajadores y comunidades.\" \/>\n<meta property=\"og:url\" content=\"https:\/\/colombiainteligente.org\/es_co\/tendencias\/2025-full-progress-review-on-the-implementation-of-the-council-recommendation-on-ensuring-a-fair-transition-towards-climate-neutrality\/\" \/>\n<meta property=\"og:site_name\" content=\"Colombia Inteligente\" \/>\n<meta property=\"article:published_time\" content=\"2026-09-01T20:30:57+00:00\" \/>\n<meta property=\"article:modified_time\" content=\"2026-09-01T20:33:31+00:00\" \/>\n<meta property=\"og:image\" content=\"https:\/\/colombiainteligente.org\/wp-content\/uploads\/2026\/09\/2-Convergencia-4700926.png\" \/>\n\t<meta property=\"og:image:width\" content=\"1054\" \/>\n\t<meta property=\"og:image:height\" content=\"1446\" \/>\n\t<meta property=\"og:image:type\" content=\"image\/png\" \/>\n<meta name=\"author\" content=\"DIFUSI\u00d3N COLOMBIA INTELIGENTE\" \/>\n<meta name=\"twitter:card\" content=\"summary_large_image\" \/>\n<meta name=\"twitter:creator\" content=\"@colombiaintelig\" \/>\n<meta name=\"twitter:site\" content=\"@colombiaintelig\" \/>\n<meta name=\"twitter:label1\" content=\"Escrito por\" \/>\n\t<meta name=\"twitter:data1\" content=\"DIFUSI\u00d3N COLOMBIA INTELIGENTE\" \/>\n\t<meta name=\"twitter:label2\" content=\"Tiempo estimado de lectura\" \/>\n\t<meta name=\"twitter:data2\" content=\"3 minutos\" \/>\n<script type=\"application\/ld+json\" class=\"yoast-schema-graph\">{\"@context\":\"https:\\\/\\\/schema.org\",\"@graph\":[{\"@type\":\"Article\",\"@id\":\"https:\\\/\\\/colombiainteligente.org\\\/tendencias\\\/2025-full-progress-review-on-the-implementation-of-the-council-recommendation-on-ensuring-a-fair-transition-towards-climate-neutrality\\\/#article\",\"isPartOf\":{\"@id\":\"https:\\\/\\\/colombiainteligente.org\\\/tendencias\\\/2025-full-progress-review-on-the-implementation-of-the-council-recommendation-on-ensuring-a-fair-transition-towards-climate-neutrality\\\/\"},\"author\":{\"name\":\"DIFUSI\u00d3N COLOMBIA INTELIGENTE\",\"@id\":\"https:\\\/\\\/colombiainteligente.org\\\/#\\\/schema\\\/person\\\/e207145d548b75a6d339ff1d4d3b0432\"},\"headline\":\"2025 Full Progress review on the implementation of the Council Recommendation on ensuring a fair transition towards climate neutrality\",\"datePublished\":\"2026-09-01T20:30:57+00:00\",\"dateModified\":\"2026-09-01T20:33:31+00:00\",\"mainEntityOfPage\":{\"@id\":\"https:\\\/\\\/colombiainteligente.org\\\/tendencias\\\/2025-full-progress-review-on-the-implementation-of-the-council-recommendation-on-ensuring-a-fair-transition-towards-climate-neutrality\\\/\"},\"wordCount\":697,\"commentCount\":0,\"publisher\":{\"@id\":\"https:\\\/\\\/colombiainteligente.org\\\/#organization\"},\"image\":{\"@id\":\"https:\\\/\\\/colombiainteligente.org\\\/tendencias\\\/2025-full-progress-review-on-the-implementation-of-the-council-recommendation-on-ensuring-a-fair-transition-towards-climate-neutrality\\\/#primaryimage\"},\"thumbnailUrl\":\"https:\\\/\\\/colombiainteligente.org\\\/wp-content\\\/uploads\\\/2026\\\/09\\\/2-Convergencia-4700926.png\",\"articleSection\":[\"Convergencia y Sostenibilidad\",\"Tendencias\"],\"inLanguage\":\"es-CO\",\"potentialAction\":[{\"@type\":\"CommentAction\",\"name\":\"Comment\",\"target\":[\"https:\\\/\\\/colombiainteligente.org\\\/tendencias\\\/2025-full-progress-review-on-the-implementation-of-the-council-recommendation-on-ensuring-a-fair-transition-towards-climate-neutrality\\\/#respond\"]}]},{\"@type\":\"WebPage\",\"@id\":\"https:\\\/\\\/colombiainteligente.org\\\/tendencias\\\/2025-full-progress-review-on-the-implementation-of-the-council-recommendation-on-ensuring-a-fair-transition-towards-climate-neutrality\\\/\",\"url\":\"https:\\\/\\\/colombiainteligente.org\\\/tendencias\\\/2025-full-progress-review-on-the-implementation-of-the-council-recommendation-on-ensuring-a-fair-transition-towards-climate-neutrality\\\/\",\"name\":\"2025 Full Progress review on the implementation of the Council Recommendation on ensuring a fair transition towards climate neutrality - Colombia Inteligente\",\"isPartOf\":{\"@id\":\"https:\\\/\\\/colombiainteligente.org\\\/#website\"},\"primaryImageOfPage\":{\"@id\":\"https:\\\/\\\/colombiainteligente.org\\\/tendencias\\\/2025-full-progress-review-on-the-implementation-of-the-council-recommendation-on-ensuring-a-fair-transition-towards-climate-neutrality\\\/#primaryimage\"},\"image\":{\"@id\":\"https:\\\/\\\/colombiainteligente.org\\\/tendencias\\\/2025-full-progress-review-on-the-implementation-of-the-council-recommendation-on-ensuring-a-fair-transition-towards-climate-neutrality\\\/#primaryimage\"},\"thumbnailUrl\":\"https:\\\/\\\/colombiainteligente.org\\\/wp-content\\\/uploads\\\/2026\\\/09\\\/2-Convergencia-4700926.png\",\"datePublished\":\"2026-09-01T20:30:57+00:00\",\"dateModified\":\"2026-09-01T20:33:31+00:00\",\"breadcrumb\":{\"@id\":\"https:\\\/\\\/colombiainteligente.org\\\/tendencias\\\/2025-full-progress-review-on-the-implementation-of-the-council-recommendation-on-ensuring-a-fair-transition-towards-climate-neutrality\\\/#breadcrumb\"},\"inLanguage\":\"es-CO\",\"potentialAction\":[{\"@type\":\"ReadAction\",\"target\":[\"https:\\\/\\\/colombiainteligente.org\\\/tendencias\\\/2025-full-progress-review-on-the-implementation-of-the-council-recommendation-on-ensuring-a-fair-transition-towards-climate-neutrality\\\/\"]}]},{\"@type\":\"ImageObject\",\"inLanguage\":\"es-CO\",\"@id\":\"https:\\\/\\\/colombiainteligente.org\\\/tendencias\\\/2025-full-progress-review-on-the-implementation-of-the-council-recommendation-on-ensuring-a-fair-transition-towards-climate-neutrality\\\/#primaryimage\",\"url\":\"https:\\\/\\\/colombiainteligente.org\\\/wp-content\\\/uploads\\\/2026\\\/09\\\/2-Convergencia-4700926.png\",\"contentUrl\":\"https:\\\/\\\/colombiainteligente.org\\\/wp-content\\\/uploads\\\/2026\\\/09\\\/2-Convergencia-4700926.png\",\"width\":1054,\"height\":1446},{\"@type\":\"BreadcrumbList\",\"@id\":\"https:\\\/\\\/colombiainteligente.org\\\/tendencias\\\/2025-full-progress-review-on-the-implementation-of-the-council-recommendation-on-ensuring-a-fair-transition-towards-climate-neutrality\\\/#breadcrumb\",\"itemListElement\":[{\"@type\":\"ListItem\",\"position\":1,\"name\":\"Portada\",\"item\":\"https:\\\/\\\/colombiainteligente.org\\\/\"},{\"@type\":\"ListItem\",\"position\":2,\"name\":\"2025 Full Progress review on the implementation of the Council Recommendation on ensuring a fair transition towards climate neutrality\"}]},{\"@type\":\"WebSite\",\"@id\":\"https:\\\/\\\/colombiainteligente.org\\\/#website\",\"url\":\"https:\\\/\\\/colombiainteligente.org\\\/\",\"name\":\"Colombia Inteligente\",\"description\":\"Alianza estrat\u00e9gica, conformada por empresas y entidades, para la inserci\u00f3n integral y eficiente de las redes inteligentes a la infraestructura del sector el\u00e9ctrico colombiano\",\"publisher\":{\"@id\":\"https:\\\/\\\/colombiainteligente.org\\\/#organization\"},\"potentialAction\":[{\"@type\":\"SearchAction\",\"target\":{\"@type\":\"EntryPoint\",\"urlTemplate\":\"https:\\\/\\\/colombiainteligente.org\\\/?s={search_term_string}\"},\"query-input\":{\"@type\":\"PropertyValueSpecification\",\"valueRequired\":true,\"valueName\":\"search_term_string\"}}],\"inLanguage\":\"es-CO\"},{\"@type\":\"Organization\",\"@id\":\"https:\\\/\\\/colombiainteligente.org\\\/#organization\",\"name\":\"Colombia Inteligente\",\"url\":\"https:\\\/\\\/colombiainteligente.org\\\/\",\"logo\":{\"@type\":\"ImageObject\",\"inLanguage\":\"es-CO\",\"@id\":\"https:\\\/\\\/colombiainteligente.org\\\/#\\\/schema\\\/logo\\\/image\\\/\",\"url\":\"https:\\\/\\\/colombiainteligente.org\\\/wp-content\\\/uploads\\\/2022\\\/07\\\/Image.png\",\"contentUrl\":\"https:\\\/\\\/colombiainteligente.org\\\/wp-content\\\/uploads\\\/2022\\\/07\\\/Image.png\",\"width\":588,\"height\":274,\"caption\":\"Colombia Inteligente\"},\"image\":{\"@id\":\"https:\\\/\\\/colombiainteligente.org\\\/#\\\/schema\\\/logo\\\/image\\\/\"},\"sameAs\":[\"https:\\\/\\\/x.com\\\/colombiaintelig\",\"https:\\\/\\\/www.linkedin.com\\\/company\\\/colombiainteligente\\\/\"]},{\"@type\":\"Person\",\"@id\":\"https:\\\/\\\/colombiainteligente.org\\\/#\\\/schema\\\/person\\\/e207145d548b75a6d339ff1d4d3b0432\",\"name\":\"DIFUSI\u00d3N COLOMBIA INTELIGENTE\",\"image\":{\"@type\":\"ImageObject\",\"inLanguage\":\"es-CO\",\"@id\":\"https:\\\/\\\/secure.gravatar.com\\\/avatar\\\/df2e679ff2abf288cf4bf58830dad897e596908105ec8969f50f748a6d837869?s=96&d=mm&r=g\",\"url\":\"https:\\\/\\\/secure.gravatar.com\\\/avatar\\\/df2e679ff2abf288cf4bf58830dad897e596908105ec8969f50f748a6d837869?s=96&d=mm&r=g\",\"contentUrl\":\"https:\\\/\\\/secure.gravatar.com\\\/avatar\\\/df2e679ff2abf288cf4bf58830dad897e596908105ec8969f50f748a6d837869?s=96&d=mm&r=g\",\"caption\":\"DIFUSI\u00d3N COLOMBIA INTELIGENTE\"},\"url\":\"https:\\\/\\\/colombiainteligente.org\\\/es_co\\\/author\\\/difusioncolombiainteligente-org\\\/\"}]}<\/script>\n<!-- \/ Yoast SEO plugin. -->","yoast_head_json":{"title":"2025 Full Progress review on the implementation of the Council Recommendation on ensuring a fair transition towards climate neutrality - Colombia Inteligente","robots":{"index":"index","follow":"follow","max-snippet":"max-snippet:-1","max-image-preview":"max-image-preview:large","max-video-preview":"max-video-preview:-1"},"canonical":"https:\/\/colombiainteligente.org\/es_co\/tendencias\/2025-full-progress-review-on-the-implementation-of-the-council-recommendation-on-ensuring-a-fair-transition-towards-climate-neutrality\/","og_locale":"es_ES","og_type":"article","og_title":"2025 Full Progress review on the implementation of the Council Recommendation on ensuring a fair transition towards climate neutrality - Colombia Inteligente","og_description":"La Comisi\u00f3n Europea presenta los resultados de la primera revisi\u00f3n integral sobre la aplicaci\u00f3n de la recomendaci\u00f3n del Consejo relativa a garantizar una transici\u00f3n justa hacia la neutralidad clim\u00e1tica, realizada entre mayo y junio de 2025. El ejercicio recoge m\u00e1s de 500 medidas adicionales reportadas por los Estados miembros desde la revisi\u00f3n parcial de 2023, distribuidas en cuatro paquetes de pol\u00edtica: apoyo activo al empleo de calidad, educaci\u00f3n y formaci\u00f3n continua, equidad de los sistemas fiscales y de protecci\u00f3n social, y acceso a servicios esenciales y vivienda. El documento incorpora adem\u00e1s las posiciones recogidas en di\u00e1logos con organizaciones de la sociedad civil y con interlocutores sociales, quienes se\u00f1alan avances desiguales, vac\u00edos de datos desagregados y la necesidad de mayor participaci\u00f3n en el dise\u00f1o y seguimiento de las pol\u00edticas. Entre los hallazgos, destaca que casi todos los pa\u00edses cuentan con pol\u00edticas activas de empleo orientadas a la reconversi\u00f3n laboral, aunque persisten brechas en la anticipaci\u00f3n de la reestructuraci\u00f3n empresarial y en el desarrollo de competencias verdes homologadas. Para el sector energ\u00e9tico colombiano, el informe ofrece un panorama comparativo de instrumentos de pol\u00edtica p\u00fablica, financiaci\u00f3n y gobernanza que puede orientar el dise\u00f1o de mecanismos propios de transici\u00f3n justa, especialmente en formaci\u00f3n t\u00e9cnica, protecci\u00f3n social y participaci\u00f3n de trabajadores y comunidades.","og_url":"https:\/\/colombiainteligente.org\/es_co\/tendencias\/2025-full-progress-review-on-the-implementation-of-the-council-recommendation-on-ensuring-a-fair-transition-towards-climate-neutrality\/","og_site_name":"Colombia Inteligente","article_published_time":"2026-09-01T20:30:57+00:00","article_modified_time":"2026-09-01T20:33:31+00:00","og_image":[{"width":1054,"height":1446,"url":"https:\/\/colombiainteligente.org\/wp-content\/uploads\/2026\/09\/2-Convergencia-4700926.png","type":"image\/png"}],"author":"DIFUSI\u00d3N COLOMBIA INTELIGENTE","twitter_card":"summary_large_image","twitter_creator":"@colombiaintelig","twitter_site":"@colombiaintelig","twitter_misc":{"Escrito por":"DIFUSI\u00d3N COLOMBIA INTELIGENTE","Tiempo estimado de lectura":"3 minutos"},"schema":{"@context":"https:\/\/schema.org","@graph":[{"@type":"Article","@id":"https:\/\/colombiainteligente.org\/tendencias\/2025-full-progress-review-on-the-implementation-of-the-council-recommendation-on-ensuring-a-fair-transition-towards-climate-neutrality\/#article","isPartOf":{"@id":"https:\/\/colombiainteligente.org\/tendencias\/2025-full-progress-review-on-the-implementation-of-the-council-recommendation-on-ensuring-a-fair-transition-towards-climate-neutrality\/"},"author":{"name":"DIFUSI\u00d3N COLOMBIA INTELIGENTE","@id":"https:\/\/colombiainteligente.org\/#\/schema\/person\/e207145d548b75a6d339ff1d4d3b0432"},"headline":"2025 Full Progress review on the implementation of the Council Recommendation on ensuring a fair transition towards climate neutrality","datePublished":"2026-09-01T20:30:57+00:00","dateModified":"2026-09-01T20:33:31+00:00","mainEntityOfPage":{"@id":"https:\/\/colombiainteligente.org\/tendencias\/2025-full-progress-review-on-the-implementation-of-the-council-recommendation-on-ensuring-a-fair-transition-towards-climate-neutrality\/"},"wordCount":697,"commentCount":0,"publisher":{"@id":"https:\/\/colombiainteligente.org\/#organization"},"image":{"@id":"https:\/\/colombiainteligente.org\/tendencias\/2025-full-progress-review-on-the-implementation-of-the-council-recommendation-on-ensuring-a-fair-transition-towards-climate-neutrality\/#primaryimage"},"thumbnailUrl":"https:\/\/colombiainteligente.org\/wp-content\/uploads\/2026\/09\/2-Convergencia-4700926.png","articleSection":["Convergencia y Sostenibilidad","Tendencias"],"inLanguage":"es-CO","potentialAction":[{"@type":"CommentAction","name":"Comment","target":["https:\/\/colombiainteligente.org\/tendencias\/2025-full-progress-review-on-the-implementation-of-the-council-recommendation-on-ensuring-a-fair-transition-towards-climate-neutrality\/#respond"]}]},{"@type":"WebPage","@id":"https:\/\/colombiainteligente.org\/tendencias\/2025-full-progress-review-on-the-implementation-of-the-council-recommendation-on-ensuring-a-fair-transition-towards-climate-neutrality\/","url":"https:\/\/colombiainteligente.org\/tendencias\/2025-full-progress-review-on-the-implementation-of-the-council-recommendation-on-ensuring-a-fair-transition-towards-climate-neutrality\/","name":"2025 Full Progress review on the implementation of the Council Recommendation on ensuring a fair transition towards climate neutrality - Colombia Inteligente","isPartOf":{"@id":"https:\/\/colombiainteligente.org\/#website"},"primaryImageOfPage":{"@id":"https:\/\/colombiainteligente.org\/tendencias\/2025-full-progress-review-on-the-implementation-of-the-council-recommendation-on-ensuring-a-fair-transition-towards-climate-neutrality\/#primaryimage"},"image":{"@id":"https:\/\/colombiainteligente.org\/tendencias\/2025-full-progress-review-on-the-implementation-of-the-council-recommendation-on-ensuring-a-fair-transition-towards-climate-neutrality\/#primaryimage"},"thumbnailUrl":"https:\/\/colombiainteligente.org\/wp-content\/uploads\/2026\/09\/2-Convergencia-4700926.png","datePublished":"2026-09-01T20:30:57+00:00","dateModified":"2026-09-01T20:33:31+00:00","breadcrumb":{"@id":"https:\/\/colombiainteligente.org\/tendencias\/2025-full-progress-review-on-the-implementation-of-the-council-recommendation-on-ensuring-a-fair-transition-towards-climate-neutrality\/#breadcrumb"},"inLanguage":"es-CO","potentialAction":[{"@type":"ReadAction","target":["https:\/\/colombiainteligente.org\/tendencias\/2025-full-progress-review-on-the-implementation-of-the-council-recommendation-on-ensuring-a-fair-transition-towards-climate-neutrality\/"]}]},{"@type":"ImageObject","inLanguage":"es-CO","@id":"https:\/\/colombiainteligente.org\/tendencias\/2025-full-progress-review-on-the-implementation-of-the-council-recommendation-on-ensuring-a-fair-transition-towards-climate-neutrality\/#primaryimage","url":"https:\/\/colombiainteligente.org\/wp-content\/uploads\/2026\/09\/2-Convergencia-4700926.png","contentUrl":"https:\/\/colombiainteligente.org\/wp-content\/uploads\/2026\/09\/2-Convergencia-4700926.png","width":1054,"height":1446},{"@type":"BreadcrumbList","@id":"https:\/\/colombiainteligente.org\/tendencias\/2025-full-progress-review-on-the-implementation-of-the-council-recommendation-on-ensuring-a-fair-transition-towards-climate-neutrality\/#breadcrumb","itemListElement":[{"@type":"ListItem","position":1,"name":"Portada","item":"https:\/\/colombiainteligente.org\/"},{"@type":"ListItem","position":2,"name":"2025 Full Progress review on the implementation of the Council Recommendation on ensuring a fair transition towards climate neutrality"}]},{"@type":"WebSite","@id":"https:\/\/colombiainteligente.org\/#website","url":"https:\/\/colombiainteligente.org\/","name":"Colombia Inteligente","description":"Alianza estrat\u00e9gica, conformada por empresas y entidades, para la inserci\u00f3n integral y eficiente de las redes inteligentes a la infraestructura del sector el\u00e9ctrico colombiano","publisher":{"@id":"https:\/\/colombiainteligente.org\/#organization"},"potentialAction":[{"@type":"SearchAction","target":{"@type":"EntryPoint","urlTemplate":"https:\/\/colombiainteligente.org\/?s={search_term_string}"},"query-input":{"@type":"PropertyValueSpecification","valueRequired":true,"valueName":"search_term_string"}}],"inLanguage":"es-CO"},{"@type":"Organization","@id":"https:\/\/colombiainteligente.org\/#organization","name":"Colombia Inteligente","url":"https:\/\/colombiainteligente.org\/","logo":{"@type":"ImageObject","inLanguage":"es-CO","@id":"https:\/\/colombiainteligente.org\/#\/schema\/logo\/image\/","url":"https:\/\/colombiainteligente.org\/wp-content\/uploads\/2022\/07\/Image.png","contentUrl":"https:\/\/colombiainteligente.org\/wp-content\/uploads\/2022\/07\/Image.png","width":588,"height":274,"caption":"Colombia Inteligente"},"image":{"@id":"https:\/\/colombiainteligente.org\/#\/schema\/logo\/image\/"},"sameAs":["https:\/\/x.com\/colombiaintelig","https:\/\/www.linkedin.com\/company\/colombiainteligente\/"]},{"@type":"Person","@id":"https:\/\/colombiainteligente.org\/#\/schema\/person\/e207145d548b75a6d339ff1d4d3b0432","name":"DIFUSI\u00d3N COLOMBIA INTELIGENTE","image":{"@type":"ImageObject","inLanguage":"es-CO","@id":"https:\/\/secure.gravatar.com\/avatar\/df2e679ff2abf288cf4bf58830dad897e596908105ec8969f50f748a6d837869?s=96&d=mm&r=g","url":"https:\/\/secure.gravatar.com\/avatar\/df2e679ff2abf288cf4bf58830dad897e596908105ec8969f50f748a6d837869?s=96&d=mm&r=g","contentUrl":"https:\/\/secure.gravatar.com\/avatar\/df2e679ff2abf288cf4bf58830dad897e596908105ec8969f50f748a6d837869?s=96&d=mm&r=g","caption":"DIFUSI\u00d3N COLOMBIA INTELIGENTE"},"url":"https:\/\/colombiainteligente.org\/es_co\/author\/difusioncolombiainteligente-org\/"}]}},"yasr_visitor_votes":{"number_of_votes":0,"sum_votes":0,"stars_attributes":{"read_only":false,"span_bottom":false}},"_links":{"self":[{"href":"https:\/\/colombiainteligente.org\/es_co\/wp-json\/wp\/v2\/posts\/74985","targetHints":{"allow":["GET"]}}],"collection":[{"href":"https:\/\/colombiainteligente.org\/es_co\/wp-json\/wp\/v2\/posts"}],"about":[{"href":"https:\/\/colombiainteligente.org\/es_co\/wp-json\/wp\/v2\/types\/post"}],"author":[{"embeddable":true,"href":"https:\/\/colombiainteligente.org\/es_co\/wp-json\/wp\/v2\/users\/23"}],"replies":[{"embeddable":true,"href":"https:\/\/colombiainteligente.org\/es_co\/wp-json\/wp\/v2\/comments?post=74985"}],"version-history":[{"count":10,"href":"https:\/\/colombiainteligente.org\/es_co\/wp-json\/wp\/v2\/posts\/74985\/revisions"}],"predecessor-version":[{"id":74997,"href":"https:\/\/colombiainteligente.org\/es_co\/wp-json\/wp\/v2\/posts\/74985\/revisions\/74997"}],"wp:featuredmedia":[{"embeddable":true,"href":"https:\/\/colombiainteligente.org\/es_co\/wp-json\/wp\/v2\/media\/74986"}],"wp:attachment":[{"href":"https:\/\/colombiainteligente.org\/es_co\/wp-json\/wp\/v2\/media?parent=74985"}],"wp:term":[{"taxonomy":"category","embeddable":true,"href":"https:\/\/colombiainteligente.org\/es_co\/wp-json\/wp\/v2\/categories?post=74985"},{"taxonomy":"post_tag","embeddable":true,"href":"https:\/\/colombiainteligente.org\/es_co\/wp-json\/wp\/v2\/tags?post=74985"}],"curies":[{"name":"wp","href":"https:\/\/api.w.org\/{rel}","templated":true}]}}