{"id":75008,"date":"2026-09-01T15:44:33","date_gmt":"2026-09-01T20:44:33","guid":{"rendered":"https:\/\/colombiainteligente.org\/?p=75008"},"modified":"2026-09-01T15:46:59","modified_gmt":"2026-09-01T20:46:59","slug":"a-pathway-to-europes-competitiveness-the-clean-transition-the-essential-brief","status":"publish","type":"post","link":"https:\/\/colombiainteligente.org\/es_co\/tendencias\/a-pathway-to-europes-competitiveness-the-clean-transition-the-essential-brief\/","title":{"rendered":"A pathway to Europe&#8217;s Competitiveness: the clean transition. The essential brief"},"content":{"rendered":"<div data-elementor-type=\"wp-post\" data-elementor-id=\"75008\" class=\"elementor elementor-75008\" data-elementor-post-type=\"post\">\n\t\t\t\t\t\t\t\t\t<section class=\"elementor-section elementor-top-section elementor-element elementor-element-87c6aa2 elementor-section-boxed elementor-section-height-default elementor-section-height-default\" data-id=\"87c6aa2\" data-element_type=\"section\">\n\t\t\t\t\t\t<div class=\"elementor-container elementor-column-gap-default\">\n\t\t\t\t\t<div class=\"elementor-column elementor-col-100 elementor-top-column elementor-element elementor-element-558bb819\" data-id=\"558bb819\" data-element_type=\"column\">\n\t\t\t<div class=\"elementor-widget-wrap elementor-element-populated\">\n\t\t\t\t\t\t\t\t<div class=\"elementor-element elementor-element-3067325c elementor-widget elementor-widget-text-editor\" data-id=\"3067325c\" data-element_type=\"widget\" data-widget_type=\"text-editor.default\">\n\t\t\t\t<div class=\"elementor-widget-container\">\n\t\t\t<style>\/*! elementor - v3.14.0 - 26-06-2023 *\/\n.elementor-widget-text-editor.elementor-drop-cap-view-stacked .elementor-drop-cap{background-color:#69727d;color:#fff}.elementor-widget-text-editor.elementor-drop-cap-view-framed .elementor-drop-cap{color:#69727d;border:3px solid;background-color:transparent}.elementor-widget-text-editor:not(.elementor-drop-cap-view-default) .elementor-drop-cap{margin-top:8px}.elementor-widget-text-editor:not(.elementor-drop-cap-view-default) .elementor-drop-cap-letter{width:1em;height:1em}.elementor-widget-text-editor .elementor-drop-cap{float:left;text-align:center;line-height:1;font-size:50px}.elementor-widget-text-editor .elementor-drop-cap-letter{display:inline-block}<\/style>\t\t\t\t<p lang=\"en-US\">La competitividad de la Uni\u00f3n Europea y su compromiso clim\u00e1tico dejan de presentarse como objetivos en tensi\u00f3n en este informe del Centro Com\u00fan de Investigaci\u00f3n, que condensa los mensajes clave de un estudio m\u00e1s amplio sobre la transici\u00f3n limpia europea. El an\u00e1lisis parte de una premisa clara: mantener el rumbo de la descarbonizaci\u00f3n y acelerar la inversi\u00f3n en tecnolog\u00edas limpias resulta indispensable para el liderazgo industrial, la productividad y la seguridad energ\u00e9tica del bloque en un entorno geopol\u00edtico cada vez m\u00e1s incierto. El documento se construye sobre tres pilares interconectados, descarbonizaci\u00f3n, innovaci\u00f3n y autonom\u00eda estrat\u00e9gica, y adopta una mirada sist\u00e9mica que atraviesa la acci\u00f3n clim\u00e1tica, la energ\u00eda limpia, la econom\u00eda circular, la movilidad, los sistemas alimentarios, la protecci\u00f3n de la biodiversidad y la reducci\u00f3n de la contaminaci\u00f3n.<br \/><br \/>Entre los datos que sustentan el an\u00e1lisis destaca que la Uni\u00f3n ha reducido sus emisiones de gases de efecto invernadero un 37% respecto a 1990, mientras su econom\u00eda creci\u00f3 m\u00e1s del 70% en el mismo periodo, un desacople impulsado principalmente por la descarbonizaci\u00f3n del sector el\u00e9ctrico. El sistema de comercio de derechos de emisi\u00f3n aparece como la palanca central de este avance, complementado por el mecanismo de ajuste en frontera por carbono para prevenir la fuga de emisiones hacia terceros pa\u00edses. En materia energ\u00e9tica, el informe destaca que las renovables ya representan la opci\u00f3n m\u00e1s econ\u00f3mica para generar electricidad y fija como meta que la energ\u00eda renovable alcance el 42,5% del consumo hacia 2030, aunque la fragmentaci\u00f3n de los mercados nacionales y la escasez de mano de obra calificada frenan su despliegue. El hidr\u00f3geno renovable se plantea como pieza indispensable para descarbonizar industrias intensivas en energ\u00eda y modos de transporte de dif\u00edcil electrificaci\u00f3n, mientras el transporte por carretera, responsable de m\u00e1s del 75% de las emisiones del sector, contin\u00faa sin mostrar una tendencia sostenida a la baja.<br \/><br \/>Superar estos rezagos exige, seg\u00fan el an\u00e1lisis, activar un conjunto de condiciones habilitantes transversales. La movilizaci\u00f3n de inversi\u00f3n privada resulta determinante: se calcula una necesidad anual cercana a 660.000 millones de euros para el sector energ\u00e9tico hasta 2030, junto con 69.000 millones destinados a adaptaci\u00f3n clim\u00e1tica y 177.000 millones para cerrar la brecha ambiental en biodiversidad, agua, econom\u00eda circular y control de la contaminaci\u00f3n. El fortalecimiento de los ecosistemas de investigaci\u00f3n e innovaci\u00f3n se plantea como otro requisito ineludible, dado que Europa cuenta con una base cient\u00edfica s\u00f3lida que a\u00fan no se traduce con suficiente rapidez en soluciones listas para el mercado, debido a la fragmentaci\u00f3n regulatoria, el acceso desigual al financiamiento de riesgo y la escasez de talento especializado. A esto se suman la formaci\u00f3n de competencias, la mejora de los sistemas de monitoreo y datos, la coherencia de pol\u00edticas entre niveles de gobierno y el dise\u00f1o de una transici\u00f3n justa que proteja a los hogares vulnerables, considerando que la pobreza energ\u00e9tica afect\u00f3 al 10,6% de la poblaci\u00f3n europea en 2023.<br \/><br \/>El documento cierra se\u00f1alando que ning\u00fan \u00e1mbito de la transici\u00f3n avanza de forma aislada: los avances en energ\u00eda, movilidad, econom\u00eda circular o sistemas alimentarios dependen de la coherencia regulatoria, del acceso a financiamiento y de la aceptaci\u00f3n social de las medidas propuestas. Para el sector el\u00e9ctrico colombiano, el informe ofrece una referencia valiosa sobre c\u00f3mo articular la pol\u00edtica de precios al carbono, la electrificaci\u00f3n del transporte, el despliegue de renovables y los mecanismos de financiamiento mixto dentro de una estrategia de competitividad de largo plazo, evidenciando que la ambici\u00f3n clim\u00e1tica y el crecimiento econ\u00f3mico pueden reforzarse mutuamente cuando existen condiciones institucionales, financieras y sociales adecuadas para sostener el cambio.<\/p><p align=\"justify\"><span style=\"color: #800000;\"><b>Para leer m\u00e1s ingrese a:<\/b><\/span><\/p><p><a href=\"https:\/\/publications.jrc.ec.europa.eu\/repository\/handle\/JRC147034https:\/\/publications.jrc.ec.europa.eu\/repository\/bitstream\/JRC147034\/JRC147034_01.pdf\">https:\/\/publications.jrc.ec.europa.eu\/repository\/handle\/JRC147034https:\/\/publications.jrc.ec.europa.eu\/repository\/bitstream\/JRC147034\/JRC147034_01.pdf<\/a><\/p>\t\t\t\t\t\t<\/div>\n\t\t\t\t<\/div>\n\t\t\t\t\t<\/div>\n\t\t<\/div>\n\t\t\t\t\t\t\t<\/div>\n\t\t<\/section>\n\t\t\t\t\t\t\t<\/div>\n\t\t<div style=\"text-align:center\" class=\"yasr-auto-insert-visitor\"><\/div>","protected":false},"excerpt":{"rendered":"<p>El Centro Com\u00fan de Investigaci\u00f3n de la Comisi\u00f3n Europea sintetiza en este documento los hallazgos centrales del informe extenso sobre la transici\u00f3n limpia europea, articulando la descarbonizaci\u00f3n, la innovaci\u00f3n y la autonom\u00eda estrat\u00e9gica como pilares interdependientes de la competitividad de la Uni\u00f3n. El texto recorre \u00e1reas prioritarias como la acci\u00f3n clim\u00e1tica, la energ\u00eda limpia, la econom\u00eda circular, la movilidad, los sistemas alimentarios, la biodiversidad y la reducci\u00f3n de la contaminaci\u00f3n, situando la fijaci\u00f3n de precios al carbono, el despliegue de renovables y el hidr\u00f3geno como palancas centrales del cambio. Aporta cifras concretas: la Uni\u00f3n ha reducido sus emisiones un 37% frente a 1990 mientras su econom\u00eda creci\u00f3 m\u00e1s del 70%, y se estima una necesidad de inversi\u00f3n anual cercana a 660.000 millones de euros para el sector energ\u00e9tico hasta 2030. El informe identifica condiciones habilitantes transversales, entre ellas financiamiento, investigaci\u00f3n, formaci\u00f3n de talento, gobernanza multinivel y comunicaci\u00f3n, como requisitos para acelerar la implementaci\u00f3n. Ofrece as\u00ed una hoja de ruta integral para quienes formulan pol\u00edtica p\u00fablica, orientada a convertir la ambici\u00f3n clim\u00e1tica europea en una ventaja competitiva duradera.<\/p>","protected":false},"author":23,"featured_media":75009,"comment_status":"open","ping_status":"open","sticky":false,"template":"","format":"standard","meta":{"yasr_overall_rating":0,"yasr_post_is_review":"","yasr_auto_insert_disabled":"","yasr_review_type":"","footnotes":""},"categories":[56,53],"tags":[],"class_list":["post-75008","post","type-post","status-publish","format-standard","has-post-thumbnail","hentry","category-convergencia-y-sostenibilidad","category-tendencias"],"yoast_head":"<!-- This site is optimized with the Yoast SEO plugin v28.2 - https:\/\/yoast.com\/product\/yoast-seo-wordpress\/ -->\n<title>A pathway to Europe&#039;s Competitiveness: the clean transition. The essential brief - Colombia Inteligente<\/title>\n<meta name=\"robots\" content=\"index, follow, max-snippet:-1, max-image-preview:large, max-video-preview:-1\" \/>\n<link rel=\"canonical\" href=\"https:\/\/colombiainteligente.org\/es_co\/tendencias\/a-pathway-to-europes-competitiveness-the-clean-transition-the-essential-brief\/\" \/>\n<meta property=\"og:locale\" content=\"es_ES\" \/>\n<meta property=\"og:type\" content=\"article\" \/>\n<meta property=\"og:title\" content=\"A pathway to Europe&#039;s Competitiveness: the clean transition. The essential brief - Colombia Inteligente\" \/>\n<meta property=\"og:description\" content=\"El Centro Com\u00fan de Investigaci\u00f3n de la Comisi\u00f3n Europea sintetiza en este documento los hallazgos centrales del informe extenso sobre la transici\u00f3n limpia europea, articulando la descarbonizaci\u00f3n, la innovaci\u00f3n y la autonom\u00eda estrat\u00e9gica como pilares interdependientes de la competitividad de la Uni\u00f3n. El texto recorre \u00e1reas prioritarias como la acci\u00f3n clim\u00e1tica, la energ\u00eda limpia, la econom\u00eda circular, la movilidad, los sistemas alimentarios, la biodiversidad y la reducci\u00f3n de la contaminaci\u00f3n, situando la fijaci\u00f3n de precios al carbono, el despliegue de renovables y el hidr\u00f3geno como palancas centrales del cambio. Aporta cifras concretas: la Uni\u00f3n ha reducido sus emisiones un 37% frente a 1990 mientras su econom\u00eda creci\u00f3 m\u00e1s del 70%, y se estima una necesidad de inversi\u00f3n anual cercana a 660.000 millones de euros para el sector energ\u00e9tico hasta 2030. El informe identifica condiciones habilitantes transversales, entre ellas financiamiento, investigaci\u00f3n, formaci\u00f3n de talento, gobernanza multinivel y comunicaci\u00f3n, como requisitos para acelerar la implementaci\u00f3n. Ofrece as\u00ed una hoja de ruta integral para quienes formulan pol\u00edtica p\u00fablica, orientada a convertir la ambici\u00f3n clim\u00e1tica europea en una ventaja competitiva duradera.\" \/>\n<meta property=\"og:url\" content=\"https:\/\/colombiainteligente.org\/es_co\/tendencias\/a-pathway-to-europes-competitiveness-the-clean-transition-the-essential-brief\/\" \/>\n<meta property=\"og:site_name\" content=\"Colombia Inteligente\" \/>\n<meta property=\"article:published_time\" content=\"2026-09-01T20:44:33+00:00\" \/>\n<meta property=\"article:modified_time\" content=\"2026-09-01T20:46:59+00:00\" \/>\n<meta property=\"og:image\" content=\"https:\/\/colombiainteligente.org\/wp-content\/uploads\/2026\/09\/4-Convergencia-4700926-737x1024.png\" \/>\n\t<meta property=\"og:image:width\" content=\"737\" \/>\n\t<meta property=\"og:image:height\" content=\"1024\" \/>\n\t<meta property=\"og:image:type\" content=\"image\/png\" \/>\n<meta name=\"author\" content=\"DIFUSI\u00d3N COLOMBIA INTELIGENTE\" \/>\n<meta name=\"twitter:card\" content=\"summary_large_image\" \/>\n<meta name=\"twitter:creator\" content=\"@colombiaintelig\" \/>\n<meta name=\"twitter:site\" content=\"@colombiaintelig\" \/>\n<meta name=\"twitter:label1\" content=\"Escrito por\" \/>\n\t<meta name=\"twitter:data1\" content=\"DIFUSI\u00d3N COLOMBIA INTELIGENTE\" \/>\n\t<meta name=\"twitter:label2\" content=\"Tiempo estimado de lectura\" \/>\n\t<meta name=\"twitter:data2\" content=\"3 minutos\" \/>\n<script type=\"application\/ld+json\" class=\"yoast-schema-graph\">{\"@context\":\"https:\\\/\\\/schema.org\",\"@graph\":[{\"@type\":\"Article\",\"@id\":\"https:\\\/\\\/colombiainteligente.org\\\/tendencias\\\/a-pathway-to-europes-competitiveness-the-clean-transition-the-essential-brief\\\/#article\",\"isPartOf\":{\"@id\":\"https:\\\/\\\/colombiainteligente.org\\\/tendencias\\\/a-pathway-to-europes-competitiveness-the-clean-transition-the-essential-brief\\\/\"},\"author\":{\"name\":\"DIFUSI\u00d3N COLOMBIA INTELIGENTE\",\"@id\":\"https:\\\/\\\/colombiainteligente.org\\\/#\\\/schema\\\/person\\\/e207145d548b75a6d339ff1d4d3b0432\"},\"headline\":\"A pathway to Europe&#8217;s Competitiveness: the clean transition. The essential brief\",\"datePublished\":\"2026-09-01T20:44:33+00:00\",\"dateModified\":\"2026-09-01T20:46:59+00:00\",\"mainEntityOfPage\":{\"@id\":\"https:\\\/\\\/colombiainteligente.org\\\/tendencias\\\/a-pathway-to-europes-competitiveness-the-clean-transition-the-essential-brief\\\/\"},\"wordCount\":691,\"commentCount\":0,\"publisher\":{\"@id\":\"https:\\\/\\\/colombiainteligente.org\\\/#organization\"},\"image\":{\"@id\":\"https:\\\/\\\/colombiainteligente.org\\\/tendencias\\\/a-pathway-to-europes-competitiveness-the-clean-transition-the-essential-brief\\\/#primaryimage\"},\"thumbnailUrl\":\"https:\\\/\\\/colombiainteligente.org\\\/wp-content\\\/uploads\\\/2026\\\/09\\\/4-Convergencia-4700926.png\",\"articleSection\":[\"Convergencia y Sostenibilidad\",\"Tendencias\"],\"inLanguage\":\"es-CO\",\"potentialAction\":[{\"@type\":\"CommentAction\",\"name\":\"Comment\",\"target\":[\"https:\\\/\\\/colombiainteligente.org\\\/tendencias\\\/a-pathway-to-europes-competitiveness-the-clean-transition-the-essential-brief\\\/#respond\"]}]},{\"@type\":\"WebPage\",\"@id\":\"https:\\\/\\\/colombiainteligente.org\\\/tendencias\\\/a-pathway-to-europes-competitiveness-the-clean-transition-the-essential-brief\\\/\",\"url\":\"https:\\\/\\\/colombiainteligente.org\\\/tendencias\\\/a-pathway-to-europes-competitiveness-the-clean-transition-the-essential-brief\\\/\",\"name\":\"A pathway to Europe's Competitiveness: the clean transition. The essential brief - Colombia Inteligente\",\"isPartOf\":{\"@id\":\"https:\\\/\\\/colombiainteligente.org\\\/#website\"},\"primaryImageOfPage\":{\"@id\":\"https:\\\/\\\/colombiainteligente.org\\\/tendencias\\\/a-pathway-to-europes-competitiveness-the-clean-transition-the-essential-brief\\\/#primaryimage\"},\"image\":{\"@id\":\"https:\\\/\\\/colombiainteligente.org\\\/tendencias\\\/a-pathway-to-europes-competitiveness-the-clean-transition-the-essential-brief\\\/#primaryimage\"},\"thumbnailUrl\":\"https:\\\/\\\/colombiainteligente.org\\\/wp-content\\\/uploads\\\/2026\\\/09\\\/4-Convergencia-4700926.png\",\"datePublished\":\"2026-09-01T20:44:33+00:00\",\"dateModified\":\"2026-09-01T20:46:59+00:00\",\"breadcrumb\":{\"@id\":\"https:\\\/\\\/colombiainteligente.org\\\/tendencias\\\/a-pathway-to-europes-competitiveness-the-clean-transition-the-essential-brief\\\/#breadcrumb\"},\"inLanguage\":\"es-CO\",\"potentialAction\":[{\"@type\":\"ReadAction\",\"target\":[\"https:\\\/\\\/colombiainteligente.org\\\/tendencias\\\/a-pathway-to-europes-competitiveness-the-clean-transition-the-essential-brief\\\/\"]}]},{\"@type\":\"ImageObject\",\"inLanguage\":\"es-CO\",\"@id\":\"https:\\\/\\\/colombiainteligente.org\\\/tendencias\\\/a-pathway-to-europes-competitiveness-the-clean-transition-the-essential-brief\\\/#primaryimage\",\"url\":\"https:\\\/\\\/colombiainteligente.org\\\/wp-content\\\/uploads\\\/2026\\\/09\\\/4-Convergencia-4700926.png\",\"contentUrl\":\"https:\\\/\\\/colombiainteligente.org\\\/wp-content\\\/uploads\\\/2026\\\/09\\\/4-Convergencia-4700926.png\",\"width\":1014,\"height\":1408},{\"@type\":\"BreadcrumbList\",\"@id\":\"https:\\\/\\\/colombiainteligente.org\\\/tendencias\\\/a-pathway-to-europes-competitiveness-the-clean-transition-the-essential-brief\\\/#breadcrumb\",\"itemListElement\":[{\"@type\":\"ListItem\",\"position\":1,\"name\":\"Portada\",\"item\":\"https:\\\/\\\/colombiainteligente.org\\\/\"},{\"@type\":\"ListItem\",\"position\":2,\"name\":\"A pathway to Europe&#8217;s Competitiveness: the clean transition. The essential brief\"}]},{\"@type\":\"WebSite\",\"@id\":\"https:\\\/\\\/colombiainteligente.org\\\/#website\",\"url\":\"https:\\\/\\\/colombiainteligente.org\\\/\",\"name\":\"Colombia Inteligente\",\"description\":\"Alianza estrat\u00e9gica, conformada por empresas y entidades, para la inserci\u00f3n integral y eficiente de las redes inteligentes a la infraestructura del sector el\u00e9ctrico colombiano\",\"publisher\":{\"@id\":\"https:\\\/\\\/colombiainteligente.org\\\/#organization\"},\"potentialAction\":[{\"@type\":\"SearchAction\",\"target\":{\"@type\":\"EntryPoint\",\"urlTemplate\":\"https:\\\/\\\/colombiainteligente.org\\\/?s={search_term_string}\"},\"query-input\":{\"@type\":\"PropertyValueSpecification\",\"valueRequired\":true,\"valueName\":\"search_term_string\"}}],\"inLanguage\":\"es-CO\"},{\"@type\":\"Organization\",\"@id\":\"https:\\\/\\\/colombiainteligente.org\\\/#organization\",\"name\":\"Colombia Inteligente\",\"url\":\"https:\\\/\\\/colombiainteligente.org\\\/\",\"logo\":{\"@type\":\"ImageObject\",\"inLanguage\":\"es-CO\",\"@id\":\"https:\\\/\\\/colombiainteligente.org\\\/#\\\/schema\\\/logo\\\/image\\\/\",\"url\":\"https:\\\/\\\/colombiainteligente.org\\\/wp-content\\\/uploads\\\/2022\\\/07\\\/Image.png\",\"contentUrl\":\"https:\\\/\\\/colombiainteligente.org\\\/wp-content\\\/uploads\\\/2022\\\/07\\\/Image.png\",\"width\":588,\"height\":274,\"caption\":\"Colombia Inteligente\"},\"image\":{\"@id\":\"https:\\\/\\\/colombiainteligente.org\\\/#\\\/schema\\\/logo\\\/image\\\/\"},\"sameAs\":[\"https:\\\/\\\/x.com\\\/colombiaintelig\",\"https:\\\/\\\/www.linkedin.com\\\/company\\\/colombiainteligente\\\/\"]},{\"@type\":\"Person\",\"@id\":\"https:\\\/\\\/colombiainteligente.org\\\/#\\\/schema\\\/person\\\/e207145d548b75a6d339ff1d4d3b0432\",\"name\":\"DIFUSI\u00d3N COLOMBIA INTELIGENTE\",\"image\":{\"@type\":\"ImageObject\",\"inLanguage\":\"es-CO\",\"@id\":\"https:\\\/\\\/secure.gravatar.com\\\/avatar\\\/df2e679ff2abf288cf4bf58830dad897e596908105ec8969f50f748a6d837869?s=96&d=mm&r=g\",\"url\":\"https:\\\/\\\/secure.gravatar.com\\\/avatar\\\/df2e679ff2abf288cf4bf58830dad897e596908105ec8969f50f748a6d837869?s=96&d=mm&r=g\",\"contentUrl\":\"https:\\\/\\\/secure.gravatar.com\\\/avatar\\\/df2e679ff2abf288cf4bf58830dad897e596908105ec8969f50f748a6d837869?s=96&d=mm&r=g\",\"caption\":\"DIFUSI\u00d3N COLOMBIA INTELIGENTE\"},\"url\":\"https:\\\/\\\/colombiainteligente.org\\\/es_co\\\/author\\\/difusioncolombiainteligente-org\\\/\"}]}<\/script>\n<!-- \/ Yoast SEO plugin. -->","yoast_head_json":{"title":"A pathway to Europe's Competitiveness: the clean transition. The essential brief - Colombia Inteligente","robots":{"index":"index","follow":"follow","max-snippet":"max-snippet:-1","max-image-preview":"max-image-preview:large","max-video-preview":"max-video-preview:-1"},"canonical":"https:\/\/colombiainteligente.org\/es_co\/tendencias\/a-pathway-to-europes-competitiveness-the-clean-transition-the-essential-brief\/","og_locale":"es_ES","og_type":"article","og_title":"A pathway to Europe's Competitiveness: the clean transition. The essential brief - Colombia Inteligente","og_description":"El Centro Com\u00fan de Investigaci\u00f3n de la Comisi\u00f3n Europea sintetiza en este documento los hallazgos centrales del informe extenso sobre la transici\u00f3n limpia europea, articulando la descarbonizaci\u00f3n, la innovaci\u00f3n y la autonom\u00eda estrat\u00e9gica como pilares interdependientes de la competitividad de la Uni\u00f3n. El texto recorre \u00e1reas prioritarias como la acci\u00f3n clim\u00e1tica, la energ\u00eda limpia, la econom\u00eda circular, la movilidad, los sistemas alimentarios, la biodiversidad y la reducci\u00f3n de la contaminaci\u00f3n, situando la fijaci\u00f3n de precios al carbono, el despliegue de renovables y el hidr\u00f3geno como palancas centrales del cambio. Aporta cifras concretas: la Uni\u00f3n ha reducido sus emisiones un 37% frente a 1990 mientras su econom\u00eda creci\u00f3 m\u00e1s del 70%, y se estima una necesidad de inversi\u00f3n anual cercana a 660.000 millones de euros para el sector energ\u00e9tico hasta 2030. El informe identifica condiciones habilitantes transversales, entre ellas financiamiento, investigaci\u00f3n, formaci\u00f3n de talento, gobernanza multinivel y comunicaci\u00f3n, como requisitos para acelerar la implementaci\u00f3n. Ofrece as\u00ed una hoja de ruta integral para quienes formulan pol\u00edtica p\u00fablica, orientada a convertir la ambici\u00f3n clim\u00e1tica europea en una ventaja competitiva duradera.","og_url":"https:\/\/colombiainteligente.org\/es_co\/tendencias\/a-pathway-to-europes-competitiveness-the-clean-transition-the-essential-brief\/","og_site_name":"Colombia Inteligente","article_published_time":"2026-09-01T20:44:33+00:00","article_modified_time":"2026-09-01T20:46:59+00:00","og_image":[{"width":737,"height":1024,"url":"https:\/\/colombiainteligente.org\/wp-content\/uploads\/2026\/09\/4-Convergencia-4700926-737x1024.png","type":"image\/png"}],"author":"DIFUSI\u00d3N COLOMBIA INTELIGENTE","twitter_card":"summary_large_image","twitter_creator":"@colombiaintelig","twitter_site":"@colombiaintelig","twitter_misc":{"Escrito por":"DIFUSI\u00d3N COLOMBIA INTELIGENTE","Tiempo estimado de lectura":"3 minutos"},"schema":{"@context":"https:\/\/schema.org","@graph":[{"@type":"Article","@id":"https:\/\/colombiainteligente.org\/tendencias\/a-pathway-to-europes-competitiveness-the-clean-transition-the-essential-brief\/#article","isPartOf":{"@id":"https:\/\/colombiainteligente.org\/tendencias\/a-pathway-to-europes-competitiveness-the-clean-transition-the-essential-brief\/"},"author":{"name":"DIFUSI\u00d3N COLOMBIA INTELIGENTE","@id":"https:\/\/colombiainteligente.org\/#\/schema\/person\/e207145d548b75a6d339ff1d4d3b0432"},"headline":"A pathway to Europe&#8217;s Competitiveness: the clean transition. The essential brief","datePublished":"2026-09-01T20:44:33+00:00","dateModified":"2026-09-01T20:46:59+00:00","mainEntityOfPage":{"@id":"https:\/\/colombiainteligente.org\/tendencias\/a-pathway-to-europes-competitiveness-the-clean-transition-the-essential-brief\/"},"wordCount":691,"commentCount":0,"publisher":{"@id":"https:\/\/colombiainteligente.org\/#organization"},"image":{"@id":"https:\/\/colombiainteligente.org\/tendencias\/a-pathway-to-europes-competitiveness-the-clean-transition-the-essential-brief\/#primaryimage"},"thumbnailUrl":"https:\/\/colombiainteligente.org\/wp-content\/uploads\/2026\/09\/4-Convergencia-4700926.png","articleSection":["Convergencia y Sostenibilidad","Tendencias"],"inLanguage":"es-CO","potentialAction":[{"@type":"CommentAction","name":"Comment","target":["https:\/\/colombiainteligente.org\/tendencias\/a-pathway-to-europes-competitiveness-the-clean-transition-the-essential-brief\/#respond"]}]},{"@type":"WebPage","@id":"https:\/\/colombiainteligente.org\/tendencias\/a-pathway-to-europes-competitiveness-the-clean-transition-the-essential-brief\/","url":"https:\/\/colombiainteligente.org\/tendencias\/a-pathway-to-europes-competitiveness-the-clean-transition-the-essential-brief\/","name":"A pathway to Europe's Competitiveness: the clean transition. The essential brief - Colombia Inteligente","isPartOf":{"@id":"https:\/\/colombiainteligente.org\/#website"},"primaryImageOfPage":{"@id":"https:\/\/colombiainteligente.org\/tendencias\/a-pathway-to-europes-competitiveness-the-clean-transition-the-essential-brief\/#primaryimage"},"image":{"@id":"https:\/\/colombiainteligente.org\/tendencias\/a-pathway-to-europes-competitiveness-the-clean-transition-the-essential-brief\/#primaryimage"},"thumbnailUrl":"https:\/\/colombiainteligente.org\/wp-content\/uploads\/2026\/09\/4-Convergencia-4700926.png","datePublished":"2026-09-01T20:44:33+00:00","dateModified":"2026-09-01T20:46:59+00:00","breadcrumb":{"@id":"https:\/\/colombiainteligente.org\/tendencias\/a-pathway-to-europes-competitiveness-the-clean-transition-the-essential-brief\/#breadcrumb"},"inLanguage":"es-CO","potentialAction":[{"@type":"ReadAction","target":["https:\/\/colombiainteligente.org\/tendencias\/a-pathway-to-europes-competitiveness-the-clean-transition-the-essential-brief\/"]}]},{"@type":"ImageObject","inLanguage":"es-CO","@id":"https:\/\/colombiainteligente.org\/tendencias\/a-pathway-to-europes-competitiveness-the-clean-transition-the-essential-brief\/#primaryimage","url":"https:\/\/colombiainteligente.org\/wp-content\/uploads\/2026\/09\/4-Convergencia-4700926.png","contentUrl":"https:\/\/colombiainteligente.org\/wp-content\/uploads\/2026\/09\/4-Convergencia-4700926.png","width":1014,"height":1408},{"@type":"BreadcrumbList","@id":"https:\/\/colombiainteligente.org\/tendencias\/a-pathway-to-europes-competitiveness-the-clean-transition-the-essential-brief\/#breadcrumb","itemListElement":[{"@type":"ListItem","position":1,"name":"Portada","item":"https:\/\/colombiainteligente.org\/"},{"@type":"ListItem","position":2,"name":"A pathway to Europe&#8217;s Competitiveness: the clean transition. The essential brief"}]},{"@type":"WebSite","@id":"https:\/\/colombiainteligente.org\/#website","url":"https:\/\/colombiainteligente.org\/","name":"Colombia Inteligente","description":"Alianza estrat\u00e9gica, conformada por empresas y entidades, para la inserci\u00f3n integral y eficiente de las redes inteligentes a la infraestructura del sector el\u00e9ctrico colombiano","publisher":{"@id":"https:\/\/colombiainteligente.org\/#organization"},"potentialAction":[{"@type":"SearchAction","target":{"@type":"EntryPoint","urlTemplate":"https:\/\/colombiainteligente.org\/?s={search_term_string}"},"query-input":{"@type":"PropertyValueSpecification","valueRequired":true,"valueName":"search_term_string"}}],"inLanguage":"es-CO"},{"@type":"Organization","@id":"https:\/\/colombiainteligente.org\/#organization","name":"Colombia Inteligente","url":"https:\/\/colombiainteligente.org\/","logo":{"@type":"ImageObject","inLanguage":"es-CO","@id":"https:\/\/colombiainteligente.org\/#\/schema\/logo\/image\/","url":"https:\/\/colombiainteligente.org\/wp-content\/uploads\/2022\/07\/Image.png","contentUrl":"https:\/\/colombiainteligente.org\/wp-content\/uploads\/2022\/07\/Image.png","width":588,"height":274,"caption":"Colombia Inteligente"},"image":{"@id":"https:\/\/colombiainteligente.org\/#\/schema\/logo\/image\/"},"sameAs":["https:\/\/x.com\/colombiaintelig","https:\/\/www.linkedin.com\/company\/colombiainteligente\/"]},{"@type":"Person","@id":"https:\/\/colombiainteligente.org\/#\/schema\/person\/e207145d548b75a6d339ff1d4d3b0432","name":"DIFUSI\u00d3N COLOMBIA INTELIGENTE","image":{"@type":"ImageObject","inLanguage":"es-CO","@id":"https:\/\/secure.gravatar.com\/avatar\/df2e679ff2abf288cf4bf58830dad897e596908105ec8969f50f748a6d837869?s=96&d=mm&r=g","url":"https:\/\/secure.gravatar.com\/avatar\/df2e679ff2abf288cf4bf58830dad897e596908105ec8969f50f748a6d837869?s=96&d=mm&r=g","contentUrl":"https:\/\/secure.gravatar.com\/avatar\/df2e679ff2abf288cf4bf58830dad897e596908105ec8969f50f748a6d837869?s=96&d=mm&r=g","caption":"DIFUSI\u00d3N COLOMBIA INTELIGENTE"},"url":"https:\/\/colombiainteligente.org\/es_co\/author\/difusioncolombiainteligente-org\/"}]}},"yasr_visitor_votes":{"number_of_votes":0,"sum_votes":0,"stars_attributes":{"read_only":false,"span_bottom":false}},"_links":{"self":[{"href":"https:\/\/colombiainteligente.org\/es_co\/wp-json\/wp\/v2\/posts\/75008","targetHints":{"allow":["GET"]}}],"collection":[{"href":"https:\/\/colombiainteligente.org\/es_co\/wp-json\/wp\/v2\/posts"}],"about":[{"href":"https:\/\/colombiainteligente.org\/es_co\/wp-json\/wp\/v2\/types\/post"}],"author":[{"embeddable":true,"href":"https:\/\/colombiainteligente.org\/es_co\/wp-json\/wp\/v2\/users\/23"}],"replies":[{"embeddable":true,"href":"https:\/\/colombiainteligente.org\/es_co\/wp-json\/wp\/v2\/comments?post=75008"}],"version-history":[{"count":7,"href":"https:\/\/colombiainteligente.org\/es_co\/wp-json\/wp\/v2\/posts\/75008\/revisions"}],"predecessor-version":[{"id":75017,"href":"https:\/\/colombiainteligente.org\/es_co\/wp-json\/wp\/v2\/posts\/75008\/revisions\/75017"}],"wp:featuredmedia":[{"embeddable":true,"href":"https:\/\/colombiainteligente.org\/es_co\/wp-json\/wp\/v2\/media\/75009"}],"wp:attachment":[{"href":"https:\/\/colombiainteligente.org\/es_co\/wp-json\/wp\/v2\/media?parent=75008"}],"wp:term":[{"taxonomy":"category","embeddable":true,"href":"https:\/\/colombiainteligente.org\/es_co\/wp-json\/wp\/v2\/categories?post=75008"},{"taxonomy":"post_tag","embeddable":true,"href":"https:\/\/colombiainteligente.org\/es_co\/wp-json\/wp\/v2\/tags?post=75008"}],"curies":[{"name":"wp","href":"https:\/\/api.w.org\/{rel}","templated":true}]}}