{"id":75177,"date":"2026-09-02T17:09:51","date_gmt":"2026-09-02T22:09:51","guid":{"rendered":"https:\/\/colombiainteligente.org\/?p=75177"},"modified":"2026-09-02T17:11:51","modified_gmt":"2026-09-02T22:11:51","slug":"batteries-have-unlocked-the-era-of-anytime-solar","status":"publish","type":"post","link":"https:\/\/colombiainteligente.org\/es_co\/tendencias\/batteries-have-unlocked-the-era-of-anytime-solar\/","title":{"rendered":"Batteries Have Unlocked the Era of Anytime Solar"},"content":{"rendered":"<div data-elementor-type=\"wp-post\" data-elementor-id=\"75177\" class=\"elementor elementor-75177\" data-elementor-post-type=\"post\">\n\t\t\t\t\t\t\t\t\t<section class=\"elementor-section elementor-top-section elementor-element elementor-element-87c6aa2 elementor-section-boxed elementor-section-height-default elementor-section-height-default\" data-id=\"87c6aa2\" data-element_type=\"section\">\n\t\t\t\t\t\t<div class=\"elementor-container elementor-column-gap-default\">\n\t\t\t\t\t<div class=\"elementor-column elementor-col-100 elementor-top-column elementor-element elementor-element-558bb819\" data-id=\"558bb819\" data-element_type=\"column\">\n\t\t\t<div class=\"elementor-widget-wrap elementor-element-populated\">\n\t\t\t\t\t\t\t\t<div class=\"elementor-element elementor-element-3067325c elementor-widget elementor-widget-text-editor\" data-id=\"3067325c\" data-element_type=\"widget\" data-widget_type=\"text-editor.default\">\n\t\t\t\t<div class=\"elementor-widget-container\">\n\t\t\t<style>\/*! elementor - v3.14.0 - 26-06-2023 *\/\n.elementor-widget-text-editor.elementor-drop-cap-view-stacked .elementor-drop-cap{background-color:#69727d;color:#fff}.elementor-widget-text-editor.elementor-drop-cap-view-framed .elementor-drop-cap{color:#69727d;border:3px solid;background-color:transparent}.elementor-widget-text-editor:not(.elementor-drop-cap-view-default) .elementor-drop-cap{margin-top:8px}.elementor-widget-text-editor:not(.elementor-drop-cap-view-default) .elementor-drop-cap-letter{width:1em;height:1em}.elementor-widget-text-editor .elementor-drop-cap{float:left;text-align:center;line-height:1;font-size:50px}.elementor-widget-text-editor .elementor-drop-cap-letter{display:inline-block}<\/style>\t\t\t\t<p lang=\"en-US\">El informe de Ember, \u00abBatteries have unlocked the era of anytime solar\u00bb, analiza c\u00f3mo el almacenamiento en bater\u00edas est\u00e1 transformando la energ\u00eda solar de un recurso disponible solo durante el d\u00eda en una fuente de electricidad permanente. El estudio combina datos horarios de generaci\u00f3n y demanda el\u00e9ctrica de catorce pa\u00edses, que representan el 82% de la generaci\u00f3n solar global, con estad\u00edsticas de despliegue de bater\u00edas, para documentar tanto el auge de la solar diurna como la aparici\u00f3n de una nueva etapa de solar disponible en cualquier horario.<br \/><br \/>El documento parte de un hallazgo central: la energ\u00eda solar alcanz\u00f3 un 10% r\u00e9cord de la generaci\u00f3n el\u00e9ctrica mundial en el primer semestre de 2026, cifra que casi se duplic\u00f3 frente al 5,6% de 2023, al crecer siete veces m\u00e1s r\u00e1pido que la generaci\u00f3n el\u00e9ctrica total. Sin embargo, esta expansi\u00f3n se concentra casi por completo en horas de sol: en promedio, la solar cubri\u00f3 m\u00e1s de un cuarto de la demanda global al mediod\u00eda, cayendo a niveles cercanos a cero entre las 8 de la noche y las 5 de la ma\u00f1ana, un patr\u00f3n que deja las horas no soleadas como basti\u00f3n de la generaci\u00f3n f\u00f3sil incluso en mercados con fuerte penetraci\u00f3n solar como India y la Uni\u00f3n Europea.<br \/><br \/>El informe documenta que las bater\u00edas, cuyo costo instalado global cay\u00f3 95% entre 2010 y 2025, est\u00e1n rompiendo ese l\u00edmite diario de la energ\u00eda solar. Las adiciones de bater\u00edas esperadas para 2026 podr\u00edan desplazar 34% de la nueva generaci\u00f3n solar diaria hacia horas no soleadas, frente a apenas 18% en 2025 y 4% en 2021. Mercados como Bulgaria y Chile, pr\u00e1cticamente sin almacenamiento hace tres a\u00f1os, ya instalaron capacidad suficiente para desplazar m\u00e1s de tres cuartas partes de su nueva solar diaria, y en California, la combinaci\u00f3n de solar y bater\u00edas cubri\u00f3 m\u00e1s de una cuarta parte de la demanda el\u00e9ctrica durante el horario pico de la noche en el primer semestre de 2026.<br \/><br \/>Para el sector el\u00e9ctrico colombiano y la alianza de redes inteligentes, este informe ofrece evidencia cuantitativa robusta sobre c\u00f3mo el almacenamiento en bater\u00edas puede extender el aprovechamiento de la generaci\u00f3n solar hacia horas no soleadas, un elemento central para el dise\u00f1o de estrategias de integraci\u00f3n de renovables, planeaci\u00f3n de flexibilidad de red y pol\u00edtica de incentivos al almacenamiento en el pa\u00eds, en un contexto de creciente penetraci\u00f3n solar en la matriz el\u00e9ctrica nacional.<\/p><p align=\"justify\"><span style=\"color: #800000;\"><b>Para leer m\u00e1s ingrese a:<\/b><\/span><\/p><p><a href=\"https:\/\/ember-energy.org\/latest-insights\/batteries-have-unlocked-the-era-of-anytime-solar\/https:\/\/ember-energy.org\/app\/uploads\/2026\/08\/Report-PDF-Batteries-have-unlocked-the-new-era-of-anytime-solar.pdf\">https:\/\/ember-energy.org\/latest-insights\/batteries-have-unlocked-the-era-of-anytime-solar\/https:\/\/ember-energy.org\/app\/uploads\/2026\/08\/Report-PDF-Batteries-have-unlocked-the-new-era-of-anytime-solar.pdf<\/a><\/p>\t\t\t\t\t\t<\/div>\n\t\t\t\t<\/div>\n\t\t\t\t\t<\/div>\n\t\t<\/div>\n\t\t\t\t\t\t\t<\/div>\n\t\t<\/section>\n\t\t\t\t\t\t\t<\/div>\n\t\t<div style=\"text-align:center\" class=\"yasr-auto-insert-visitor\"><\/div>","protected":false},"excerpt":{"rendered":"<p>El informe de Ember documenta que la energ\u00eda solar alcanz\u00f3 un 10% r\u00e9cord de la generaci\u00f3n el\u00e9ctrica global en el primer semestre de 2026, casi el doble que tres a\u00f1os atr\u00e1s, aunque concentrada en horas de sol, con un cuarto de la demanda cubierta al mediod\u00eda y niveles cercanos a cero en la noche. El an\u00e1lisis muestra que las bater\u00edas, cuyo costo instalado cay\u00f3 95% entre 2010 y 2025, est\u00e1n rompiendo ese l\u00edmite diario: las adiciones esperadas para 2026 podr\u00edan desplazar 34% de la nueva generaci\u00f3n solar diaria hacia horas no soleadas, frente a 18% en 2025 y apenas 4% en 2021. Mercados l\u00edderes como Bulgaria y Chile ya instalaron capacidad suficiente para desplazar m\u00e1s de tres cuartas partes de su nueva solar diaria, y en California, Chile y Bulgaria la combinaci\u00f3n solar m\u00e1s bater\u00edas cubre ya entre 10% y una cuarta parte de la demanda el\u00e9ctrica en horario nocturno. El informe advierte que buena parte de las bater\u00edas permanece subutilizada por limitaciones de dise\u00f1o de mercado, y que el almacenamiento no resuelve por s\u00ed solo los retos estacionales, por lo que sigue siendo necesaria una combinaci\u00f3n equilibrada de fuentes limpias. Para el sector el\u00e9ctrico colombiano, el estudio ofrece evidencia cuantitativa sobre el rol de las bater\u00edas en extender el aprovechamiento de la energ\u00eda solar m\u00e1s all\u00e1 de las horas de sol.<\/p>","protected":false},"author":23,"featured_media":75178,"comment_status":"open","ping_status":"open","sticky":false,"template":"","format":"standard","meta":{"yasr_overall_rating":0,"yasr_post_is_review":"","yasr_auto_insert_disabled":"","yasr_review_type":"","footnotes":""},"categories":[54,53],"tags":[],"class_list":["post-75177","post","type-post","status-publish","format-standard","has-post-thumbnail","hentry","category-energia-que-transforma","category-tendencias"],"yoast_head":"<!-- This site is optimized with the Yoast SEO plugin v28.2 - https:\/\/yoast.com\/product\/yoast-seo-wordpress\/ -->\n<title>Batteries Have Unlocked the Era of Anytime Solar - Colombia Inteligente<\/title>\n<meta name=\"robots\" content=\"index, follow, max-snippet:-1, max-image-preview:large, max-video-preview:-1\" \/>\n<link rel=\"canonical\" href=\"https:\/\/colombiainteligente.org\/es_co\/tendencias\/batteries-have-unlocked-the-era-of-anytime-solar\/\" \/>\n<meta property=\"og:locale\" content=\"es_ES\" \/>\n<meta property=\"og:type\" content=\"article\" \/>\n<meta property=\"og:title\" content=\"Batteries Have Unlocked the Era of Anytime Solar - Colombia Inteligente\" \/>\n<meta property=\"og:description\" content=\"El informe de Ember documenta que la energ\u00eda solar alcanz\u00f3 un 10% r\u00e9cord de la generaci\u00f3n el\u00e9ctrica global en el primer semestre de 2026, casi el doble que tres a\u00f1os atr\u00e1s, aunque concentrada en horas de sol, con un cuarto de la demanda cubierta al mediod\u00eda y niveles cercanos a cero en la noche. El an\u00e1lisis muestra que las bater\u00edas, cuyo costo instalado cay\u00f3 95% entre 2010 y 2025, est\u00e1n rompiendo ese l\u00edmite diario: las adiciones esperadas para 2026 podr\u00edan desplazar 34% de la nueva generaci\u00f3n solar diaria hacia horas no soleadas, frente a 18% en 2025 y apenas 4% en 2021. Mercados l\u00edderes como Bulgaria y Chile ya instalaron capacidad suficiente para desplazar m\u00e1s de tres cuartas partes de su nueva solar diaria, y en California, Chile y Bulgaria la combinaci\u00f3n solar m\u00e1s bater\u00edas cubre ya entre 10% y una cuarta parte de la demanda el\u00e9ctrica en horario nocturno. El informe advierte que buena parte de las bater\u00edas permanece subutilizada por limitaciones de dise\u00f1o de mercado, y que el almacenamiento no resuelve por s\u00ed solo los retos estacionales, por lo que sigue siendo necesaria una combinaci\u00f3n equilibrada de fuentes limpias. Para el sector el\u00e9ctrico colombiano, el estudio ofrece evidencia cuantitativa sobre el rol de las bater\u00edas en extender el aprovechamiento de la energ\u00eda solar m\u00e1s all\u00e1 de las horas de sol.\" \/>\n<meta property=\"og:url\" content=\"https:\/\/colombiainteligente.org\/es_co\/tendencias\/batteries-have-unlocked-the-era-of-anytime-solar\/\" \/>\n<meta property=\"og:site_name\" content=\"Colombia Inteligente\" \/>\n<meta property=\"article:published_time\" content=\"2026-09-02T22:09:51+00:00\" \/>\n<meta property=\"article:modified_time\" content=\"2026-09-02T22:11:51+00:00\" \/>\n<meta property=\"og:image\" content=\"https:\/\/colombiainteligente.org\/wp-content\/uploads\/2026\/09\/7-Energia-4700926.png\" \/>\n\t<meta property=\"og:image:width\" content=\"986\" \/>\n\t<meta property=\"og:image:height\" content=\"1382\" \/>\n\t<meta property=\"og:image:type\" content=\"image\/png\" \/>\n<meta name=\"author\" content=\"DIFUSI\u00d3N COLOMBIA INTELIGENTE\" \/>\n<meta name=\"twitter:card\" content=\"summary_large_image\" \/>\n<meta name=\"twitter:creator\" content=\"@colombiaintelig\" \/>\n<meta name=\"twitter:site\" content=\"@colombiaintelig\" \/>\n<meta name=\"twitter:label1\" content=\"Escrito por\" \/>\n\t<meta name=\"twitter:data1\" content=\"DIFUSI\u00d3N COLOMBIA INTELIGENTE\" \/>\n\t<meta name=\"twitter:label2\" content=\"Tiempo estimado de lectura\" \/>\n\t<meta name=\"twitter:data2\" content=\"2 minutos\" \/>\n<script type=\"application\/ld+json\" class=\"yoast-schema-graph\">{\"@context\":\"https:\\\/\\\/schema.org\",\"@graph\":[{\"@type\":\"Article\",\"@id\":\"https:\\\/\\\/colombiainteligente.org\\\/tendencias\\\/batteries-have-unlocked-the-era-of-anytime-solar\\\/#article\",\"isPartOf\":{\"@id\":\"https:\\\/\\\/colombiainteligente.org\\\/tendencias\\\/batteries-have-unlocked-the-era-of-anytime-solar\\\/\"},\"author\":{\"name\":\"DIFUSI\u00d3N COLOMBIA INTELIGENTE\",\"@id\":\"https:\\\/\\\/colombiainteligente.org\\\/#\\\/schema\\\/person\\\/e207145d548b75a6d339ff1d4d3b0432\"},\"headline\":\"Batteries Have Unlocked the Era of Anytime Solar\",\"datePublished\":\"2026-09-02T22:09:51+00:00\",\"dateModified\":\"2026-09-02T22:11:51+00:00\",\"mainEntityOfPage\":{\"@id\":\"https:\\\/\\\/colombiainteligente.org\\\/tendencias\\\/batteries-have-unlocked-the-era-of-anytime-solar\\\/\"},\"wordCount\":456,\"commentCount\":0,\"publisher\":{\"@id\":\"https:\\\/\\\/colombiainteligente.org\\\/#organization\"},\"image\":{\"@id\":\"https:\\\/\\\/colombiainteligente.org\\\/tendencias\\\/batteries-have-unlocked-the-era-of-anytime-solar\\\/#primaryimage\"},\"thumbnailUrl\":\"https:\\\/\\\/colombiainteligente.org\\\/wp-content\\\/uploads\\\/2026\\\/09\\\/7-Energia-4700926.png\",\"articleSection\":[\"Energ\u00eda que transforma\",\"Tendencias\"],\"inLanguage\":\"es-CO\",\"potentialAction\":[{\"@type\":\"CommentAction\",\"name\":\"Comment\",\"target\":[\"https:\\\/\\\/colombiainteligente.org\\\/tendencias\\\/batteries-have-unlocked-the-era-of-anytime-solar\\\/#respond\"]}]},{\"@type\":\"WebPage\",\"@id\":\"https:\\\/\\\/colombiainteligente.org\\\/tendencias\\\/batteries-have-unlocked-the-era-of-anytime-solar\\\/\",\"url\":\"https:\\\/\\\/colombiainteligente.org\\\/tendencias\\\/batteries-have-unlocked-the-era-of-anytime-solar\\\/\",\"name\":\"Batteries Have Unlocked the Era of Anytime Solar - Colombia Inteligente\",\"isPartOf\":{\"@id\":\"https:\\\/\\\/colombiainteligente.org\\\/#website\"},\"primaryImageOfPage\":{\"@id\":\"https:\\\/\\\/colombiainteligente.org\\\/tendencias\\\/batteries-have-unlocked-the-era-of-anytime-solar\\\/#primaryimage\"},\"image\":{\"@id\":\"https:\\\/\\\/colombiainteligente.org\\\/tendencias\\\/batteries-have-unlocked-the-era-of-anytime-solar\\\/#primaryimage\"},\"thumbnailUrl\":\"https:\\\/\\\/colombiainteligente.org\\\/wp-content\\\/uploads\\\/2026\\\/09\\\/7-Energia-4700926.png\",\"datePublished\":\"2026-09-02T22:09:51+00:00\",\"dateModified\":\"2026-09-02T22:11:51+00:00\",\"breadcrumb\":{\"@id\":\"https:\\\/\\\/colombiainteligente.org\\\/tendencias\\\/batteries-have-unlocked-the-era-of-anytime-solar\\\/#breadcrumb\"},\"inLanguage\":\"es-CO\",\"potentialAction\":[{\"@type\":\"ReadAction\",\"target\":[\"https:\\\/\\\/colombiainteligente.org\\\/tendencias\\\/batteries-have-unlocked-the-era-of-anytime-solar\\\/\"]}]},{\"@type\":\"ImageObject\",\"inLanguage\":\"es-CO\",\"@id\":\"https:\\\/\\\/colombiainteligente.org\\\/tendencias\\\/batteries-have-unlocked-the-era-of-anytime-solar\\\/#primaryimage\",\"url\":\"https:\\\/\\\/colombiainteligente.org\\\/wp-content\\\/uploads\\\/2026\\\/09\\\/7-Energia-4700926.png\",\"contentUrl\":\"https:\\\/\\\/colombiainteligente.org\\\/wp-content\\\/uploads\\\/2026\\\/09\\\/7-Energia-4700926.png\",\"width\":986,\"height\":1382},{\"@type\":\"BreadcrumbList\",\"@id\":\"https:\\\/\\\/colombiainteligente.org\\\/tendencias\\\/batteries-have-unlocked-the-era-of-anytime-solar\\\/#breadcrumb\",\"itemListElement\":[{\"@type\":\"ListItem\",\"position\":1,\"name\":\"Portada\",\"item\":\"https:\\\/\\\/colombiainteligente.org\\\/\"},{\"@type\":\"ListItem\",\"position\":2,\"name\":\"Batteries Have Unlocked the Era of Anytime Solar\"}]},{\"@type\":\"WebSite\",\"@id\":\"https:\\\/\\\/colombiainteligente.org\\\/#website\",\"url\":\"https:\\\/\\\/colombiainteligente.org\\\/\",\"name\":\"Colombia Inteligente\",\"description\":\"Alianza estrat\u00e9gica, conformada por empresas y entidades, para la inserci\u00f3n integral y eficiente de las redes inteligentes a la infraestructura del sector el\u00e9ctrico colombiano\",\"publisher\":{\"@id\":\"https:\\\/\\\/colombiainteligente.org\\\/#organization\"},\"potentialAction\":[{\"@type\":\"SearchAction\",\"target\":{\"@type\":\"EntryPoint\",\"urlTemplate\":\"https:\\\/\\\/colombiainteligente.org\\\/?s={search_term_string}\"},\"query-input\":{\"@type\":\"PropertyValueSpecification\",\"valueRequired\":true,\"valueName\":\"search_term_string\"}}],\"inLanguage\":\"es-CO\"},{\"@type\":\"Organization\",\"@id\":\"https:\\\/\\\/colombiainteligente.org\\\/#organization\",\"name\":\"Colombia Inteligente\",\"url\":\"https:\\\/\\\/colombiainteligente.org\\\/\",\"logo\":{\"@type\":\"ImageObject\",\"inLanguage\":\"es-CO\",\"@id\":\"https:\\\/\\\/colombiainteligente.org\\\/#\\\/schema\\\/logo\\\/image\\\/\",\"url\":\"https:\\\/\\\/colombiainteligente.org\\\/wp-content\\\/uploads\\\/2022\\\/07\\\/Image.png\",\"contentUrl\":\"https:\\\/\\\/colombiainteligente.org\\\/wp-content\\\/uploads\\\/2022\\\/07\\\/Image.png\",\"width\":588,\"height\":274,\"caption\":\"Colombia Inteligente\"},\"image\":{\"@id\":\"https:\\\/\\\/colombiainteligente.org\\\/#\\\/schema\\\/logo\\\/image\\\/\"},\"sameAs\":[\"https:\\\/\\\/x.com\\\/colombiaintelig\",\"https:\\\/\\\/www.linkedin.com\\\/company\\\/colombiainteligente\\\/\"]},{\"@type\":\"Person\",\"@id\":\"https:\\\/\\\/colombiainteligente.org\\\/#\\\/schema\\\/person\\\/e207145d548b75a6d339ff1d4d3b0432\",\"name\":\"DIFUSI\u00d3N COLOMBIA INTELIGENTE\",\"image\":{\"@type\":\"ImageObject\",\"inLanguage\":\"es-CO\",\"@id\":\"https:\\\/\\\/secure.gravatar.com\\\/avatar\\\/df2e679ff2abf288cf4bf58830dad897e596908105ec8969f50f748a6d837869?s=96&d=mm&r=g\",\"url\":\"https:\\\/\\\/secure.gravatar.com\\\/avatar\\\/df2e679ff2abf288cf4bf58830dad897e596908105ec8969f50f748a6d837869?s=96&d=mm&r=g\",\"contentUrl\":\"https:\\\/\\\/secure.gravatar.com\\\/avatar\\\/df2e679ff2abf288cf4bf58830dad897e596908105ec8969f50f748a6d837869?s=96&d=mm&r=g\",\"caption\":\"DIFUSI\u00d3N COLOMBIA INTELIGENTE\"},\"url\":\"https:\\\/\\\/colombiainteligente.org\\\/es_co\\\/author\\\/difusioncolombiainteligente-org\\\/\"}]}<\/script>\n<!-- \/ Yoast SEO plugin. -->","yoast_head_json":{"title":"Batteries Have Unlocked the Era of Anytime Solar - Colombia Inteligente","robots":{"index":"index","follow":"follow","max-snippet":"max-snippet:-1","max-image-preview":"max-image-preview:large","max-video-preview":"max-video-preview:-1"},"canonical":"https:\/\/colombiainteligente.org\/es_co\/tendencias\/batteries-have-unlocked-the-era-of-anytime-solar\/","og_locale":"es_ES","og_type":"article","og_title":"Batteries Have Unlocked the Era of Anytime Solar - Colombia Inteligente","og_description":"El informe de Ember documenta que la energ\u00eda solar alcanz\u00f3 un 10% r\u00e9cord de la generaci\u00f3n el\u00e9ctrica global en el primer semestre de 2026, casi el doble que tres a\u00f1os atr\u00e1s, aunque concentrada en horas de sol, con un cuarto de la demanda cubierta al mediod\u00eda y niveles cercanos a cero en la noche. El an\u00e1lisis muestra que las bater\u00edas, cuyo costo instalado cay\u00f3 95% entre 2010 y 2025, est\u00e1n rompiendo ese l\u00edmite diario: las adiciones esperadas para 2026 podr\u00edan desplazar 34% de la nueva generaci\u00f3n solar diaria hacia horas no soleadas, frente a 18% en 2025 y apenas 4% en 2021. Mercados l\u00edderes como Bulgaria y Chile ya instalaron capacidad suficiente para desplazar m\u00e1s de tres cuartas partes de su nueva solar diaria, y en California, Chile y Bulgaria la combinaci\u00f3n solar m\u00e1s bater\u00edas cubre ya entre 10% y una cuarta parte de la demanda el\u00e9ctrica en horario nocturno. El informe advierte que buena parte de las bater\u00edas permanece subutilizada por limitaciones de dise\u00f1o de mercado, y que el almacenamiento no resuelve por s\u00ed solo los retos estacionales, por lo que sigue siendo necesaria una combinaci\u00f3n equilibrada de fuentes limpias. Para el sector el\u00e9ctrico colombiano, el estudio ofrece evidencia cuantitativa sobre el rol de las bater\u00edas en extender el aprovechamiento de la energ\u00eda solar m\u00e1s all\u00e1 de las horas de sol.","og_url":"https:\/\/colombiainteligente.org\/es_co\/tendencias\/batteries-have-unlocked-the-era-of-anytime-solar\/","og_site_name":"Colombia Inteligente","article_published_time":"2026-09-02T22:09:51+00:00","article_modified_time":"2026-09-02T22:11:51+00:00","og_image":[{"width":986,"height":1382,"url":"https:\/\/colombiainteligente.org\/wp-content\/uploads\/2026\/09\/7-Energia-4700926.png","type":"image\/png"}],"author":"DIFUSI\u00d3N COLOMBIA INTELIGENTE","twitter_card":"summary_large_image","twitter_creator":"@colombiaintelig","twitter_site":"@colombiaintelig","twitter_misc":{"Escrito por":"DIFUSI\u00d3N COLOMBIA INTELIGENTE","Tiempo estimado de lectura":"2 minutos"},"schema":{"@context":"https:\/\/schema.org","@graph":[{"@type":"Article","@id":"https:\/\/colombiainteligente.org\/tendencias\/batteries-have-unlocked-the-era-of-anytime-solar\/#article","isPartOf":{"@id":"https:\/\/colombiainteligente.org\/tendencias\/batteries-have-unlocked-the-era-of-anytime-solar\/"},"author":{"name":"DIFUSI\u00d3N COLOMBIA INTELIGENTE","@id":"https:\/\/colombiainteligente.org\/#\/schema\/person\/e207145d548b75a6d339ff1d4d3b0432"},"headline":"Batteries Have Unlocked the Era of Anytime Solar","datePublished":"2026-09-02T22:09:51+00:00","dateModified":"2026-09-02T22:11:51+00:00","mainEntityOfPage":{"@id":"https:\/\/colombiainteligente.org\/tendencias\/batteries-have-unlocked-the-era-of-anytime-solar\/"},"wordCount":456,"commentCount":0,"publisher":{"@id":"https:\/\/colombiainteligente.org\/#organization"},"image":{"@id":"https:\/\/colombiainteligente.org\/tendencias\/batteries-have-unlocked-the-era-of-anytime-solar\/#primaryimage"},"thumbnailUrl":"https:\/\/colombiainteligente.org\/wp-content\/uploads\/2026\/09\/7-Energia-4700926.png","articleSection":["Energ\u00eda que transforma","Tendencias"],"inLanguage":"es-CO","potentialAction":[{"@type":"CommentAction","name":"Comment","target":["https:\/\/colombiainteligente.org\/tendencias\/batteries-have-unlocked-the-era-of-anytime-solar\/#respond"]}]},{"@type":"WebPage","@id":"https:\/\/colombiainteligente.org\/tendencias\/batteries-have-unlocked-the-era-of-anytime-solar\/","url":"https:\/\/colombiainteligente.org\/tendencias\/batteries-have-unlocked-the-era-of-anytime-solar\/","name":"Batteries Have Unlocked the Era of Anytime Solar - Colombia Inteligente","isPartOf":{"@id":"https:\/\/colombiainteligente.org\/#website"},"primaryImageOfPage":{"@id":"https:\/\/colombiainteligente.org\/tendencias\/batteries-have-unlocked-the-era-of-anytime-solar\/#primaryimage"},"image":{"@id":"https:\/\/colombiainteligente.org\/tendencias\/batteries-have-unlocked-the-era-of-anytime-solar\/#primaryimage"},"thumbnailUrl":"https:\/\/colombiainteligente.org\/wp-content\/uploads\/2026\/09\/7-Energia-4700926.png","datePublished":"2026-09-02T22:09:51+00:00","dateModified":"2026-09-02T22:11:51+00:00","breadcrumb":{"@id":"https:\/\/colombiainteligente.org\/tendencias\/batteries-have-unlocked-the-era-of-anytime-solar\/#breadcrumb"},"inLanguage":"es-CO","potentialAction":[{"@type":"ReadAction","target":["https:\/\/colombiainteligente.org\/tendencias\/batteries-have-unlocked-the-era-of-anytime-solar\/"]}]},{"@type":"ImageObject","inLanguage":"es-CO","@id":"https:\/\/colombiainteligente.org\/tendencias\/batteries-have-unlocked-the-era-of-anytime-solar\/#primaryimage","url":"https:\/\/colombiainteligente.org\/wp-content\/uploads\/2026\/09\/7-Energia-4700926.png","contentUrl":"https:\/\/colombiainteligente.org\/wp-content\/uploads\/2026\/09\/7-Energia-4700926.png","width":986,"height":1382},{"@type":"BreadcrumbList","@id":"https:\/\/colombiainteligente.org\/tendencias\/batteries-have-unlocked-the-era-of-anytime-solar\/#breadcrumb","itemListElement":[{"@type":"ListItem","position":1,"name":"Portada","item":"https:\/\/colombiainteligente.org\/"},{"@type":"ListItem","position":2,"name":"Batteries Have Unlocked the Era of Anytime Solar"}]},{"@type":"WebSite","@id":"https:\/\/colombiainteligente.org\/#website","url":"https:\/\/colombiainteligente.org\/","name":"Colombia Inteligente","description":"Alianza estrat\u00e9gica, conformada por empresas y entidades, para la inserci\u00f3n integral y eficiente de las redes inteligentes a la infraestructura del sector el\u00e9ctrico colombiano","publisher":{"@id":"https:\/\/colombiainteligente.org\/#organization"},"potentialAction":[{"@type":"SearchAction","target":{"@type":"EntryPoint","urlTemplate":"https:\/\/colombiainteligente.org\/?s={search_term_string}"},"query-input":{"@type":"PropertyValueSpecification","valueRequired":true,"valueName":"search_term_string"}}],"inLanguage":"es-CO"},{"@type":"Organization","@id":"https:\/\/colombiainteligente.org\/#organization","name":"Colombia Inteligente","url":"https:\/\/colombiainteligente.org\/","logo":{"@type":"ImageObject","inLanguage":"es-CO","@id":"https:\/\/colombiainteligente.org\/#\/schema\/logo\/image\/","url":"https:\/\/colombiainteligente.org\/wp-content\/uploads\/2022\/07\/Image.png","contentUrl":"https:\/\/colombiainteligente.org\/wp-content\/uploads\/2022\/07\/Image.png","width":588,"height":274,"caption":"Colombia Inteligente"},"image":{"@id":"https:\/\/colombiainteligente.org\/#\/schema\/logo\/image\/"},"sameAs":["https:\/\/x.com\/colombiaintelig","https:\/\/www.linkedin.com\/company\/colombiainteligente\/"]},{"@type":"Person","@id":"https:\/\/colombiainteligente.org\/#\/schema\/person\/e207145d548b75a6d339ff1d4d3b0432","name":"DIFUSI\u00d3N COLOMBIA INTELIGENTE","image":{"@type":"ImageObject","inLanguage":"es-CO","@id":"https:\/\/secure.gravatar.com\/avatar\/df2e679ff2abf288cf4bf58830dad897e596908105ec8969f50f748a6d837869?s=96&d=mm&r=g","url":"https:\/\/secure.gravatar.com\/avatar\/df2e679ff2abf288cf4bf58830dad897e596908105ec8969f50f748a6d837869?s=96&d=mm&r=g","contentUrl":"https:\/\/secure.gravatar.com\/avatar\/df2e679ff2abf288cf4bf58830dad897e596908105ec8969f50f748a6d837869?s=96&d=mm&r=g","caption":"DIFUSI\u00d3N COLOMBIA INTELIGENTE"},"url":"https:\/\/colombiainteligente.org\/es_co\/author\/difusioncolombiainteligente-org\/"}]}},"yasr_visitor_votes":{"number_of_votes":0,"sum_votes":0,"stars_attributes":{"read_only":false,"span_bottom":false}},"_links":{"self":[{"href":"https:\/\/colombiainteligente.org\/es_co\/wp-json\/wp\/v2\/posts\/75177","targetHints":{"allow":["GET"]}}],"collection":[{"href":"https:\/\/colombiainteligente.org\/es_co\/wp-json\/wp\/v2\/posts"}],"about":[{"href":"https:\/\/colombiainteligente.org\/es_co\/wp-json\/wp\/v2\/types\/post"}],"author":[{"embeddable":true,"href":"https:\/\/colombiainteligente.org\/es_co\/wp-json\/wp\/v2\/users\/23"}],"replies":[{"embeddable":true,"href":"https:\/\/colombiainteligente.org\/es_co\/wp-json\/wp\/v2\/comments?post=75177"}],"version-history":[{"count":7,"href":"https:\/\/colombiainteligente.org\/es_co\/wp-json\/wp\/v2\/posts\/75177\/revisions"}],"predecessor-version":[{"id":75186,"href":"https:\/\/colombiainteligente.org\/es_co\/wp-json\/wp\/v2\/posts\/75177\/revisions\/75186"}],"wp:featuredmedia":[{"embeddable":true,"href":"https:\/\/colombiainteligente.org\/es_co\/wp-json\/wp\/v2\/media\/75178"}],"wp:attachment":[{"href":"https:\/\/colombiainteligente.org\/es_co\/wp-json\/wp\/v2\/media?parent=75177"}],"wp:term":[{"taxonomy":"category","embeddable":true,"href":"https:\/\/colombiainteligente.org\/es_co\/wp-json\/wp\/v2\/categories?post=75177"},{"taxonomy":"post_tag","embeddable":true,"href":"https:\/\/colombiainteligente.org\/es_co\/wp-json\/wp\/v2\/tags?post=75177"}],"curies":[{"name":"wp","href":"https:\/\/api.w.org\/{rel}","templated":true}]}}