{"id":75277,"date":"2026-09-04T11:42:29","date_gmt":"2026-09-04T16:42:29","guid":{"rendered":"https:\/\/colombiainteligente.org\/?p=75277"},"modified":"2026-09-04T11:47:12","modified_gmt":"2026-09-04T16:47:12","slug":"europa-y-estados-unidos-refuerzan-agenda-climatica-compartida","status":"publish","type":"post","link":"https:\/\/colombiainteligente.org\/es_co\/noticias-sectoriales\/europa-y-estados-unidos-refuerzan-agenda-climatica-compartida\/","title":{"rendered":"Europa y Estados Unidos refuerzan agenda clim\u00e1tica compartida"},"content":{"rendered":"<div data-elementor-type=\"wp-post\" data-elementor-id=\"75277\" class=\"elementor elementor-75277\" data-elementor-post-type=\"post\">\n\t\t\t\t\t\t\t\t\t<section class=\"elementor-section elementor-top-section elementor-element elementor-element-87c6aa2 elementor-section-boxed elementor-section-height-default elementor-section-height-default\" data-id=\"87c6aa2\" data-element_type=\"section\">\n\t\t\t\t\t\t<div class=\"elementor-container elementor-column-gap-default\">\n\t\t\t\t\t<div class=\"elementor-column elementor-col-100 elementor-top-column elementor-element elementor-element-558bb819\" data-id=\"558bb819\" data-element_type=\"column\">\n\t\t\t<div class=\"elementor-widget-wrap elementor-element-populated\">\n\t\t\t\t\t\t\t\t<div class=\"elementor-element elementor-element-3067325c elementor-widget elementor-widget-text-editor\" data-id=\"3067325c\" data-element_type=\"widget\" data-widget_type=\"text-editor.default\">\n\t\t\t\t<div class=\"elementor-widget-container\">\n\t\t\t<style>\/*! elementor - v3.14.0 - 26-06-2023 *\/\n.elementor-widget-text-editor.elementor-drop-cap-view-stacked .elementor-drop-cap{background-color:#69727d;color:#fff}.elementor-widget-text-editor.elementor-drop-cap-view-framed .elementor-drop-cap{color:#69727d;border:3px solid;background-color:transparent}.elementor-widget-text-editor:not(.elementor-drop-cap-view-default) .elementor-drop-cap{margin-top:8px}.elementor-widget-text-editor:not(.elementor-drop-cap-view-default) .elementor-drop-cap-letter{width:1em;height:1em}.elementor-widget-text-editor .elementor-drop-cap{float:left;text-align:center;line-height:1;font-size:50px}.elementor-widget-text-editor .elementor-drop-cap-letter{display:inline-block}<\/style>\t\t\t\t<p lang=\"en-US\">Especialistas del MIT Center for Energy and Environmental Policy Research y de la Florence School of Regulation analizaron las oportunidades de colaboraci\u00f3n entre Europa y Estados Unidos para impulsar la acci\u00f3n clim\u00e1tica en un contexto marcado por transformaciones energ\u00e9ticas, tensiones geopol\u00edticas y crecientes desaf\u00edos industriales. Aunque ambas regiones mantienen enfoques regulatorios diferentes, el an\u00e1lisis concluye que contin\u00faan existiendo amplios espacios para la cooperaci\u00f3n en \u00e1reas donde convergen intereses ambientales, tecnol\u00f3gicos y econ\u00f3micos. La discusi\u00f3n adquiere relevancia debido a la necesidad de acelerar procesos de descarbonizaci\u00f3n sin comprometer competitividad ni seguridad energ\u00e9tica. <br \/><br \/>Uno de los temas centrales corresponde a la seguridad de las cadenas de suministro vinculadas con minerales y tecnolog\u00edas esenciales para la transici\u00f3n energ\u00e9tica. Los expertos destacan que la alta concentraci\u00f3n geogr\u00e1fica de algunos recursos cr\u00edticos representa un riesgo tanto para Europa como para Estados Unidos. La cooperaci\u00f3n en estandarizaci\u00f3n, diversificaci\u00f3n de proveedores e inversi\u00f3n industrial podr\u00eda contribuir a fortalecer la resiliencia de sectores estrat\u00e9gicos relacionados con electrificaci\u00f3n, energ\u00eda renovable, almacenamiento y movilidad sostenible.<br \/><br \/>La publicaci\u00f3n tambi\u00e9n resalta el papel de la investigaci\u00f3n acad\u00e9mica y la colaboraci\u00f3n institucional. Durante d\u00e9cadas, el intercambio de conocimientos ha influido en la evoluci\u00f3n de pol\u00edticas energ\u00e9ticas en ambos continentes. La experiencia europea en mecanismos como mercados de emisiones y regulaci\u00f3n clim\u00e1tica, as\u00ed como las capacidades tecnol\u00f3gicas y cient\u00edficas de Estados Unidos, ofrecen oportunidades para generar aprendizajes que favorezcan el dise\u00f1o de pol\u00edticas m\u00e1s efectivas y la aceleraci\u00f3n de innovaciones energ\u00e9ticas.<br \/><br \/>Las conclusiones ponen de manifiesto que la transici\u00f3n energ\u00e9tica global depender\u00e1 cada vez m\u00e1s de alianzas internacionales capaces de movilizar conocimiento, inversi\u00f3n y capacidades industriales. Para empresas del sector energ\u00e9tico, la cooperaci\u00f3n transatl\u00e1ntica puede impulsar avances en hidr\u00f3geno, captura de carbono, electrificaci\u00f3n y digitalizaci\u00f3n de redes. El fortalecimiento de v\u00ednculos entre gobiernos, industria y centros de investigaci\u00f3n se presenta como un factor determinante para construir sistemas energ\u00e9ticos m\u00e1s sostenibles, resilientes y competitivos frente a los desaf\u00edos de las pr\u00f3ximas d\u00e9cadas.<\/p><p align=\"justify\"><span style=\"color: #800000;\"><b>Para leer m\u00e1s ingrese a:<\/b><\/span><\/p><p><blockquote class=\"wp-embedded-content\" data-secret=\"P3QgEhGgpR\"><a href=\"https:\/\/fsr.eui.eu\/climate-action-across-the-atlantic-a-shared-agenda-for-the-future\/\">Climate action across the Atlantic: A shared agenda for the future<\/a><\/blockquote><iframe loading=\"lazy\" class=\"wp-embedded-content\" sandbox=\"allow-scripts\" security=\"restricted\" style=\"position: absolute; visibility: hidden;\" title=\"&#8220;Climate action across the Atlantic: A shared agenda for the future&#8221; &#8212; Florence School of Regulation\" src=\"https:\/\/fsr.eui.eu\/climate-action-across-the-atlantic-a-shared-agenda-for-the-future\/embed\/#?secret=9rrEBHAY3i#?secret=P3QgEhGgpR\" data-secret=\"P3QgEhGgpR\" width=\"500\" height=\"282\" frameborder=\"0\" marginwidth=\"0\" marginheight=\"0\" scrolling=\"no\"><\/iframe><\/p>\t\t\t\t\t\t<\/div>\n\t\t\t\t<\/div>\n\t\t\t\t\t<\/div>\n\t\t<\/div>\n\t\t\t\t\t\t\t<\/div>\n\t\t<\/section>\n\t\t\t\t\t\t\t<\/div>\n\t\t<div style=\"text-align:center\" class=\"yasr-auto-insert-visitor\"><\/div>","protected":false},"excerpt":{"rendered":"<p>La cooperaci\u00f3n transatl\u00e1ntica emerge como un mecanismo estrat\u00e9gico para acelerar la descarbonizaci\u00f3n y fortalecer cadenas de suministro cr\u00edticas.<\/p>","protected":false},"author":23,"featured_media":75278,"comment_status":"open","ping_status":"open","sticky":false,"template":"","format":"standard","meta":{"yasr_overall_rating":0,"yasr_post_is_review":"","yasr_auto_insert_disabled":"","yasr_review_type":"","footnotes":""},"categories":[52],"tags":[],"class_list":["post-75277","post","type-post","status-publish","format-standard","has-post-thumbnail","hentry","category-noticias-sectoriales"],"yoast_head":"<!-- This site is optimized with the Yoast SEO plugin v28.2 - https:\/\/yoast.com\/product\/yoast-seo-wordpress\/ -->\n<title>Europa y Estados Unidos refuerzan agenda clim\u00e1tica compartida - Colombia Inteligente<\/title>\n<meta name=\"robots\" content=\"index, follow, max-snippet:-1, max-image-preview:large, max-video-preview:-1\" \/>\n<link rel=\"canonical\" href=\"https:\/\/colombiainteligente.org\/es_co\/noticias-sectoriales\/europa-y-estados-unidos-refuerzan-agenda-climatica-compartida\/\" \/>\n<meta property=\"og:locale\" content=\"es_ES\" \/>\n<meta property=\"og:type\" content=\"article\" \/>\n<meta property=\"og:title\" content=\"Europa y Estados Unidos refuerzan agenda clim\u00e1tica compartida - Colombia Inteligente\" \/>\n<meta property=\"og:description\" content=\"La cooperaci\u00f3n transatl\u00e1ntica emerge como un mecanismo estrat\u00e9gico para acelerar la descarbonizaci\u00f3n y fortalecer cadenas de suministro cr\u00edticas.\" \/>\n<meta property=\"og:url\" content=\"https:\/\/colombiainteligente.org\/es_co\/noticias-sectoriales\/europa-y-estados-unidos-refuerzan-agenda-climatica-compartida\/\" \/>\n<meta property=\"og:site_name\" content=\"Colombia Inteligente\" \/>\n<meta property=\"article:published_time\" content=\"2026-09-04T16:42:29+00:00\" \/>\n<meta property=\"article:modified_time\" content=\"2026-09-04T16:47:12+00:00\" \/>\n<meta property=\"og:image\" content=\"https:\/\/colombiainteligente.org\/wp-content\/uploads\/2026\/09\/471080926-08.png\" \/>\n\t<meta property=\"og:image:width\" content=\"1256\" \/>\n\t<meta property=\"og:image:height\" content=\"690\" \/>\n\t<meta property=\"og:image:type\" content=\"image\/png\" \/>\n<meta name=\"author\" content=\"DIFUSI\u00d3N COLOMBIA INTELIGENTE\" \/>\n<meta name=\"twitter:card\" content=\"summary_large_image\" \/>\n<meta name=\"twitter:creator\" content=\"@colombiaintelig\" \/>\n<meta name=\"twitter:site\" content=\"@colombiaintelig\" \/>\n<meta name=\"twitter:label1\" content=\"Escrito por\" \/>\n\t<meta name=\"twitter:data1\" content=\"DIFUSI\u00d3N COLOMBIA INTELIGENTE\" \/>\n\t<meta name=\"twitter:label2\" content=\"Tiempo estimado de lectura\" \/>\n\t<meta name=\"twitter:data2\" content=\"2 minutos\" \/>\n<script type=\"application\/ld+json\" class=\"yoast-schema-graph\">{\"@context\":\"https:\\\/\\\/schema.org\",\"@graph\":[{\"@type\":\"Article\",\"@id\":\"https:\\\/\\\/colombiainteligente.org\\\/noticias-sectoriales\\\/europa-y-estados-unidos-refuerzan-agenda-climatica-compartida\\\/#article\",\"isPartOf\":{\"@id\":\"https:\\\/\\\/colombiainteligente.org\\\/noticias-sectoriales\\\/europa-y-estados-unidos-refuerzan-agenda-climatica-compartida\\\/\"},\"author\":{\"name\":\"DIFUSI\u00d3N COLOMBIA INTELIGENTE\",\"@id\":\"https:\\\/\\\/colombiainteligente.org\\\/#\\\/schema\\\/person\\\/e207145d548b75a6d339ff1d4d3b0432\"},\"headline\":\"Europa y Estados Unidos refuerzan agenda clim\u00e1tica compartida\",\"datePublished\":\"2026-09-04T16:42:29+00:00\",\"dateModified\":\"2026-09-04T16:47:12+00:00\",\"mainEntityOfPage\":{\"@id\":\"https:\\\/\\\/colombiainteligente.org\\\/noticias-sectoriales\\\/europa-y-estados-unidos-refuerzan-agenda-climatica-compartida\\\/\"},\"wordCount\":400,\"commentCount\":0,\"publisher\":{\"@id\":\"https:\\\/\\\/colombiainteligente.org\\\/#organization\"},\"image\":{\"@id\":\"https:\\\/\\\/colombiainteligente.org\\\/noticias-sectoriales\\\/europa-y-estados-unidos-refuerzan-agenda-climatica-compartida\\\/#primaryimage\"},\"thumbnailUrl\":\"https:\\\/\\\/colombiainteligente.org\\\/wp-content\\\/uploads\\\/2026\\\/09\\\/471080926-08.png\",\"articleSection\":[\"Noticias Sectoriales\"],\"inLanguage\":\"es-CO\",\"potentialAction\":[{\"@type\":\"CommentAction\",\"name\":\"Comment\",\"target\":[\"https:\\\/\\\/colombiainteligente.org\\\/noticias-sectoriales\\\/europa-y-estados-unidos-refuerzan-agenda-climatica-compartida\\\/#respond\"]}]},{\"@type\":\"WebPage\",\"@id\":\"https:\\\/\\\/colombiainteligente.org\\\/noticias-sectoriales\\\/europa-y-estados-unidos-refuerzan-agenda-climatica-compartida\\\/\",\"url\":\"https:\\\/\\\/colombiainteligente.org\\\/noticias-sectoriales\\\/europa-y-estados-unidos-refuerzan-agenda-climatica-compartida\\\/\",\"name\":\"Europa y Estados Unidos refuerzan agenda clim\u00e1tica compartida - Colombia Inteligente\",\"isPartOf\":{\"@id\":\"https:\\\/\\\/colombiainteligente.org\\\/#website\"},\"primaryImageOfPage\":{\"@id\":\"https:\\\/\\\/colombiainteligente.org\\\/noticias-sectoriales\\\/europa-y-estados-unidos-refuerzan-agenda-climatica-compartida\\\/#primaryimage\"},\"image\":{\"@id\":\"https:\\\/\\\/colombiainteligente.org\\\/noticias-sectoriales\\\/europa-y-estados-unidos-refuerzan-agenda-climatica-compartida\\\/#primaryimage\"},\"thumbnailUrl\":\"https:\\\/\\\/colombiainteligente.org\\\/wp-content\\\/uploads\\\/2026\\\/09\\\/471080926-08.png\",\"datePublished\":\"2026-09-04T16:42:29+00:00\",\"dateModified\":\"2026-09-04T16:47:12+00:00\",\"breadcrumb\":{\"@id\":\"https:\\\/\\\/colombiainteligente.org\\\/noticias-sectoriales\\\/europa-y-estados-unidos-refuerzan-agenda-climatica-compartida\\\/#breadcrumb\"},\"inLanguage\":\"es-CO\",\"potentialAction\":[{\"@type\":\"ReadAction\",\"target\":[\"https:\\\/\\\/colombiainteligente.org\\\/noticias-sectoriales\\\/europa-y-estados-unidos-refuerzan-agenda-climatica-compartida\\\/\"]}]},{\"@type\":\"ImageObject\",\"inLanguage\":\"es-CO\",\"@id\":\"https:\\\/\\\/colombiainteligente.org\\\/noticias-sectoriales\\\/europa-y-estados-unidos-refuerzan-agenda-climatica-compartida\\\/#primaryimage\",\"url\":\"https:\\\/\\\/colombiainteligente.org\\\/wp-content\\\/uploads\\\/2026\\\/09\\\/471080926-08.png\",\"contentUrl\":\"https:\\\/\\\/colombiainteligente.org\\\/wp-content\\\/uploads\\\/2026\\\/09\\\/471080926-08.png\",\"width\":1256,\"height\":690,\"caption\":\"Vista panor\u00e1mica de una costa rocosa con imponentes acantilados oscuros frente a un oc\u00e9ano de agua azul profunda y oleaje blanco, bajo un cielo despejado.\"},{\"@type\":\"BreadcrumbList\",\"@id\":\"https:\\\/\\\/colombiainteligente.org\\\/noticias-sectoriales\\\/europa-y-estados-unidos-refuerzan-agenda-climatica-compartida\\\/#breadcrumb\",\"itemListElement\":[{\"@type\":\"ListItem\",\"position\":1,\"name\":\"Portada\",\"item\":\"https:\\\/\\\/colombiainteligente.org\\\/\"},{\"@type\":\"ListItem\",\"position\":2,\"name\":\"Europa y Estados Unidos refuerzan agenda clim\u00e1tica compartida\"}]},{\"@type\":\"WebSite\",\"@id\":\"https:\\\/\\\/colombiainteligente.org\\\/#website\",\"url\":\"https:\\\/\\\/colombiainteligente.org\\\/\",\"name\":\"Colombia Inteligente\",\"description\":\"Alianza estrat\u00e9gica, conformada por empresas y entidades, para la inserci\u00f3n integral y eficiente de las redes inteligentes a la infraestructura del sector el\u00e9ctrico colombiano\",\"publisher\":{\"@id\":\"https:\\\/\\\/colombiainteligente.org\\\/#organization\"},\"potentialAction\":[{\"@type\":\"SearchAction\",\"target\":{\"@type\":\"EntryPoint\",\"urlTemplate\":\"https:\\\/\\\/colombiainteligente.org\\\/?s={search_term_string}\"},\"query-input\":{\"@type\":\"PropertyValueSpecification\",\"valueRequired\":true,\"valueName\":\"search_term_string\"}}],\"inLanguage\":\"es-CO\"},{\"@type\":\"Organization\",\"@id\":\"https:\\\/\\\/colombiainteligente.org\\\/#organization\",\"name\":\"Colombia Inteligente\",\"url\":\"https:\\\/\\\/colombiainteligente.org\\\/\",\"logo\":{\"@type\":\"ImageObject\",\"inLanguage\":\"es-CO\",\"@id\":\"https:\\\/\\\/colombiainteligente.org\\\/#\\\/schema\\\/logo\\\/image\\\/\",\"url\":\"https:\\\/\\\/colombiainteligente.org\\\/wp-content\\\/uploads\\\/2022\\\/07\\\/Image.png\",\"contentUrl\":\"https:\\\/\\\/colombiainteligente.org\\\/wp-content\\\/uploads\\\/2022\\\/07\\\/Image.png\",\"width\":588,\"height\":274,\"caption\":\"Colombia Inteligente\"},\"image\":{\"@id\":\"https:\\\/\\\/colombiainteligente.org\\\/#\\\/schema\\\/logo\\\/image\\\/\"},\"sameAs\":[\"https:\\\/\\\/x.com\\\/colombiaintelig\",\"https:\\\/\\\/www.linkedin.com\\\/company\\\/colombiainteligente\\\/\"]},{\"@type\":\"Person\",\"@id\":\"https:\\\/\\\/colombiainteligente.org\\\/#\\\/schema\\\/person\\\/e207145d548b75a6d339ff1d4d3b0432\",\"name\":\"DIFUSI\u00d3N COLOMBIA INTELIGENTE\",\"image\":{\"@type\":\"ImageObject\",\"inLanguage\":\"es-CO\",\"@id\":\"https:\\\/\\\/secure.gravatar.com\\\/avatar\\\/df2e679ff2abf288cf4bf58830dad897e596908105ec8969f50f748a6d837869?s=96&d=mm&r=g\",\"url\":\"https:\\\/\\\/secure.gravatar.com\\\/avatar\\\/df2e679ff2abf288cf4bf58830dad897e596908105ec8969f50f748a6d837869?s=96&d=mm&r=g\",\"contentUrl\":\"https:\\\/\\\/secure.gravatar.com\\\/avatar\\\/df2e679ff2abf288cf4bf58830dad897e596908105ec8969f50f748a6d837869?s=96&d=mm&r=g\",\"caption\":\"DIFUSI\u00d3N COLOMBIA INTELIGENTE\"},\"url\":\"https:\\\/\\\/colombiainteligente.org\\\/es_co\\\/author\\\/difusioncolombiainteligente-org\\\/\"}]}<\/script>\n<!-- \/ Yoast SEO plugin. -->","yoast_head_json":{"title":"Europa y Estados Unidos refuerzan agenda clim\u00e1tica compartida - Colombia Inteligente","robots":{"index":"index","follow":"follow","max-snippet":"max-snippet:-1","max-image-preview":"max-image-preview:large","max-video-preview":"max-video-preview:-1"},"canonical":"https:\/\/colombiainteligente.org\/es_co\/noticias-sectoriales\/europa-y-estados-unidos-refuerzan-agenda-climatica-compartida\/","og_locale":"es_ES","og_type":"article","og_title":"Europa y Estados Unidos refuerzan agenda clim\u00e1tica compartida - Colombia Inteligente","og_description":"La cooperaci\u00f3n transatl\u00e1ntica emerge como un mecanismo estrat\u00e9gico para acelerar la descarbonizaci\u00f3n y fortalecer cadenas de suministro cr\u00edticas.","og_url":"https:\/\/colombiainteligente.org\/es_co\/noticias-sectoriales\/europa-y-estados-unidos-refuerzan-agenda-climatica-compartida\/","og_site_name":"Colombia Inteligente","article_published_time":"2026-09-04T16:42:29+00:00","article_modified_time":"2026-09-04T16:47:12+00:00","og_image":[{"width":1256,"height":690,"url":"https:\/\/colombiainteligente.org\/wp-content\/uploads\/2026\/09\/471080926-08.png","type":"image\/png"}],"author":"DIFUSI\u00d3N COLOMBIA INTELIGENTE","twitter_card":"summary_large_image","twitter_creator":"@colombiaintelig","twitter_site":"@colombiaintelig","twitter_misc":{"Escrito por":"DIFUSI\u00d3N COLOMBIA INTELIGENTE","Tiempo estimado de lectura":"2 minutos"},"schema":{"@context":"https:\/\/schema.org","@graph":[{"@type":"Article","@id":"https:\/\/colombiainteligente.org\/noticias-sectoriales\/europa-y-estados-unidos-refuerzan-agenda-climatica-compartida\/#article","isPartOf":{"@id":"https:\/\/colombiainteligente.org\/noticias-sectoriales\/europa-y-estados-unidos-refuerzan-agenda-climatica-compartida\/"},"author":{"name":"DIFUSI\u00d3N COLOMBIA INTELIGENTE","@id":"https:\/\/colombiainteligente.org\/#\/schema\/person\/e207145d548b75a6d339ff1d4d3b0432"},"headline":"Europa y Estados Unidos refuerzan agenda clim\u00e1tica compartida","datePublished":"2026-09-04T16:42:29+00:00","dateModified":"2026-09-04T16:47:12+00:00","mainEntityOfPage":{"@id":"https:\/\/colombiainteligente.org\/noticias-sectoriales\/europa-y-estados-unidos-refuerzan-agenda-climatica-compartida\/"},"wordCount":400,"commentCount":0,"publisher":{"@id":"https:\/\/colombiainteligente.org\/#organization"},"image":{"@id":"https:\/\/colombiainteligente.org\/noticias-sectoriales\/europa-y-estados-unidos-refuerzan-agenda-climatica-compartida\/#primaryimage"},"thumbnailUrl":"https:\/\/colombiainteligente.org\/wp-content\/uploads\/2026\/09\/471080926-08.png","articleSection":["Noticias Sectoriales"],"inLanguage":"es-CO","potentialAction":[{"@type":"CommentAction","name":"Comment","target":["https:\/\/colombiainteligente.org\/noticias-sectoriales\/europa-y-estados-unidos-refuerzan-agenda-climatica-compartida\/#respond"]}]},{"@type":"WebPage","@id":"https:\/\/colombiainteligente.org\/noticias-sectoriales\/europa-y-estados-unidos-refuerzan-agenda-climatica-compartida\/","url":"https:\/\/colombiainteligente.org\/noticias-sectoriales\/europa-y-estados-unidos-refuerzan-agenda-climatica-compartida\/","name":"Europa y Estados Unidos refuerzan agenda clim\u00e1tica compartida - Colombia Inteligente","isPartOf":{"@id":"https:\/\/colombiainteligente.org\/#website"},"primaryImageOfPage":{"@id":"https:\/\/colombiainteligente.org\/noticias-sectoriales\/europa-y-estados-unidos-refuerzan-agenda-climatica-compartida\/#primaryimage"},"image":{"@id":"https:\/\/colombiainteligente.org\/noticias-sectoriales\/europa-y-estados-unidos-refuerzan-agenda-climatica-compartida\/#primaryimage"},"thumbnailUrl":"https:\/\/colombiainteligente.org\/wp-content\/uploads\/2026\/09\/471080926-08.png","datePublished":"2026-09-04T16:42:29+00:00","dateModified":"2026-09-04T16:47:12+00:00","breadcrumb":{"@id":"https:\/\/colombiainteligente.org\/noticias-sectoriales\/europa-y-estados-unidos-refuerzan-agenda-climatica-compartida\/#breadcrumb"},"inLanguage":"es-CO","potentialAction":[{"@type":"ReadAction","target":["https:\/\/colombiainteligente.org\/noticias-sectoriales\/europa-y-estados-unidos-refuerzan-agenda-climatica-compartida\/"]}]},{"@type":"ImageObject","inLanguage":"es-CO","@id":"https:\/\/colombiainteligente.org\/noticias-sectoriales\/europa-y-estados-unidos-refuerzan-agenda-climatica-compartida\/#primaryimage","url":"https:\/\/colombiainteligente.org\/wp-content\/uploads\/2026\/09\/471080926-08.png","contentUrl":"https:\/\/colombiainteligente.org\/wp-content\/uploads\/2026\/09\/471080926-08.png","width":1256,"height":690,"caption":"Vista panor\u00e1mica de una costa rocosa con imponentes acantilados oscuros frente a un oc\u00e9ano de agua azul profunda y oleaje blanco, bajo un cielo despejado."},{"@type":"BreadcrumbList","@id":"https:\/\/colombiainteligente.org\/noticias-sectoriales\/europa-y-estados-unidos-refuerzan-agenda-climatica-compartida\/#breadcrumb","itemListElement":[{"@type":"ListItem","position":1,"name":"Portada","item":"https:\/\/colombiainteligente.org\/"},{"@type":"ListItem","position":2,"name":"Europa y Estados Unidos refuerzan agenda clim\u00e1tica compartida"}]},{"@type":"WebSite","@id":"https:\/\/colombiainteligente.org\/#website","url":"https:\/\/colombiainteligente.org\/","name":"Colombia Inteligente","description":"Alianza estrat\u00e9gica, conformada por empresas y entidades, para la inserci\u00f3n integral y eficiente de las redes inteligentes a la infraestructura del sector el\u00e9ctrico colombiano","publisher":{"@id":"https:\/\/colombiainteligente.org\/#organization"},"potentialAction":[{"@type":"SearchAction","target":{"@type":"EntryPoint","urlTemplate":"https:\/\/colombiainteligente.org\/?s={search_term_string}"},"query-input":{"@type":"PropertyValueSpecification","valueRequired":true,"valueName":"search_term_string"}}],"inLanguage":"es-CO"},{"@type":"Organization","@id":"https:\/\/colombiainteligente.org\/#organization","name":"Colombia Inteligente","url":"https:\/\/colombiainteligente.org\/","logo":{"@type":"ImageObject","inLanguage":"es-CO","@id":"https:\/\/colombiainteligente.org\/#\/schema\/logo\/image\/","url":"https:\/\/colombiainteligente.org\/wp-content\/uploads\/2022\/07\/Image.png","contentUrl":"https:\/\/colombiainteligente.org\/wp-content\/uploads\/2022\/07\/Image.png","width":588,"height":274,"caption":"Colombia Inteligente"},"image":{"@id":"https:\/\/colombiainteligente.org\/#\/schema\/logo\/image\/"},"sameAs":["https:\/\/x.com\/colombiaintelig","https:\/\/www.linkedin.com\/company\/colombiainteligente\/"]},{"@type":"Person","@id":"https:\/\/colombiainteligente.org\/#\/schema\/person\/e207145d548b75a6d339ff1d4d3b0432","name":"DIFUSI\u00d3N COLOMBIA INTELIGENTE","image":{"@type":"ImageObject","inLanguage":"es-CO","@id":"https:\/\/secure.gravatar.com\/avatar\/df2e679ff2abf288cf4bf58830dad897e596908105ec8969f50f748a6d837869?s=96&d=mm&r=g","url":"https:\/\/secure.gravatar.com\/avatar\/df2e679ff2abf288cf4bf58830dad897e596908105ec8969f50f748a6d837869?s=96&d=mm&r=g","contentUrl":"https:\/\/secure.gravatar.com\/avatar\/df2e679ff2abf288cf4bf58830dad897e596908105ec8969f50f748a6d837869?s=96&d=mm&r=g","caption":"DIFUSI\u00d3N COLOMBIA INTELIGENTE"},"url":"https:\/\/colombiainteligente.org\/es_co\/author\/difusioncolombiainteligente-org\/"}]}},"yasr_visitor_votes":{"number_of_votes":0,"sum_votes":0,"stars_attributes":{"read_only":false,"span_bottom":false}},"_links":{"self":[{"href":"https:\/\/colombiainteligente.org\/es_co\/wp-json\/wp\/v2\/posts\/75277","targetHints":{"allow":["GET"]}}],"collection":[{"href":"https:\/\/colombiainteligente.org\/es_co\/wp-json\/wp\/v2\/posts"}],"about":[{"href":"https:\/\/colombiainteligente.org\/es_co\/wp-json\/wp\/v2\/types\/post"}],"author":[{"embeddable":true,"href":"https:\/\/colombiainteligente.org\/es_co\/wp-json\/wp\/v2\/users\/23"}],"replies":[{"embeddable":true,"href":"https:\/\/colombiainteligente.org\/es_co\/wp-json\/wp\/v2\/comments?post=75277"}],"version-history":[{"count":10,"href":"https:\/\/colombiainteligente.org\/es_co\/wp-json\/wp\/v2\/posts\/75277\/revisions"}],"predecessor-version":[{"id":75289,"href":"https:\/\/colombiainteligente.org\/es_co\/wp-json\/wp\/v2\/posts\/75277\/revisions\/75289"}],"wp:featuredmedia":[{"embeddable":true,"href":"https:\/\/colombiainteligente.org\/es_co\/wp-json\/wp\/v2\/media\/75278"}],"wp:attachment":[{"href":"https:\/\/colombiainteligente.org\/es_co\/wp-json\/wp\/v2\/media?parent=75277"}],"wp:term":[{"taxonomy":"category","embeddable":true,"href":"https:\/\/colombiainteligente.org\/es_co\/wp-json\/wp\/v2\/categories?post=75277"},{"taxonomy":"post_tag","embeddable":true,"href":"https:\/\/colombiainteligente.org\/es_co\/wp-json\/wp\/v2\/tags?post=75277"}],"curies":[{"name":"wp","href":"https:\/\/api.w.org\/{rel}","templated":true}]}}