{"id":75415,"date":"2026-09-04T19:45:04","date_gmt":"2026-09-05T00:45:04","guid":{"rendered":"https:\/\/colombiainteligente.org\/?p=75415"},"modified":"2026-09-04T19:47:09","modified_gmt":"2026-09-05T00:47:09","slug":"building-resilient-and-scalable-ai-value-chains-a-nexus-strategy","status":"publish","type":"post","link":"https:\/\/colombiainteligente.org\/es_co\/tendencias\/building-resilient-and-scalable-ai-value-chains-a-nexus-strategy\/","title":{"rendered":"Building Resilient and Scalable AI Value Chains: A Nexus Strategy"},"content":{"rendered":"<div data-elementor-type=\"wp-post\" data-elementor-id=\"75415\" class=\"elementor elementor-75415\" data-elementor-post-type=\"post\">\n\t\t\t\t\t\t\t\t\t<section class=\"elementor-section elementor-top-section elementor-element elementor-element-87c6aa2 elementor-section-boxed elementor-section-height-default elementor-section-height-default\" data-id=\"87c6aa2\" data-element_type=\"section\">\n\t\t\t\t\t\t<div class=\"elementor-container elementor-column-gap-default\">\n\t\t\t\t\t<div class=\"elementor-column elementor-col-100 elementor-top-column elementor-element elementor-element-558bb819\" data-id=\"558bb819\" data-element_type=\"column\">\n\t\t\t<div class=\"elementor-widget-wrap elementor-element-populated\">\n\t\t\t\t\t\t\t\t<div class=\"elementor-element elementor-element-3067325c elementor-widget elementor-widget-text-editor\" data-id=\"3067325c\" data-element_type=\"widget\" data-widget_type=\"text-editor.default\">\n\t\t\t\t<div class=\"elementor-widget-container\">\n\t\t\t<style>\/*! elementor - v3.14.0 - 26-06-2023 *\/\n.elementor-widget-text-editor.elementor-drop-cap-view-stacked .elementor-drop-cap{background-color:#69727d;color:#fff}.elementor-widget-text-editor.elementor-drop-cap-view-framed .elementor-drop-cap{color:#69727d;border:3px solid;background-color:transparent}.elementor-widget-text-editor:not(.elementor-drop-cap-view-default) .elementor-drop-cap{margin-top:8px}.elementor-widget-text-editor:not(.elementor-drop-cap-view-default) .elementor-drop-cap-letter{width:1em;height:1em}.elementor-widget-text-editor .elementor-drop-cap{float:left;text-align:center;line-height:1;font-size:50px}.elementor-widget-text-editor .elementor-drop-cap-letter{display:inline-block}<\/style>\t\t\t\t<p><span lang=\"en-US\">La expansi\u00f3n de la inteligencia artificial se ha convertido en una de las mayores transformaciones de infraestructura de la historia reciente, y este estudio propone mirarla no solo desde la \u00f3ptica del avance tecnol\u00f3gico, sino desde los recursos f\u00edsicos que la sostienen. Lo que comenz\u00f3 como una ola de implementaciones exploratorias a finales de 2022 se ha convertido en una transformaci\u00f3n estructural que atraviesa todos los sectores econ\u00f3micos, y esa aceleraci\u00f3n est\u00e1 generando presiones in\u00e9ditas sobre las redes el\u00e9ctricas, los sistemas h\u00eddricos, las cadenas de suministro de minerales y el uso del suelo. El documento organiza la cadena de valor de la <\/span><span lang=\"en-US\">IA<\/span><span lang=\"en-US\"> en tres capas interdependientes: la infraestructura de c\u00f3mputo, las <\/span><span lang=\"en-US\">f\u00e1bricas de IA<\/span><span lang=\"en-US\"> y los centros de datos que constituyen su columna vertebral operativa, y la capa de aplicaciones que finalmente llega a empresas y usuarios. Sobre esa estructura se superpone lo que el an\u00e1lisis llama el nexo energ\u00eda-agua-minerales-suelo, un concepto que busca capturar c\u00f3mo estos cuatro elementos condicionan de manera conjunta la viabilidad de largo plazo de la <\/span><span lang=\"en-US\">IA<\/span><span lang=\"en-US\">. <\/span><span lang=\"es\"><br \/><\/span><span lang=\"en-US\"><br \/>En el frente energ\u00e9tico, el estudio documenta que el gasto de capital de las grandes tecnol\u00f3gicas en infraestructura de <\/span><span lang=\"en-US\">IA<\/span><span lang=\"en-US\">pasar\u00eda de 410.000 millones de d\u00f3lares en 2025 a cerca de 700.000 millones en 2026, mientras que el consumo el\u00e9ctrico global de los centros de datos podr\u00eda escalar de 415 teravatios hora en 2024 a alrededor de 945 teravatios hora en 2030, una cifra que superar\u00eda el consumo el\u00e9ctrico combinado de econom\u00edas como Alemania y Francia. Este crecimiento convierte a la energ\u00eda en lo que el texto describe como el cuello de botella m\u00e1s visible del sector, aunque no el \u00fanico. El agua aparece como una limitante frecuentemente subestimada: el consumo h\u00eddrico de los centros de datos podr\u00eda llegar a 450 millones de galones diarios hacia 2030, con el agravante de que buena parte de esas instalaciones ya se ubican en regiones con estr\u00e9s h\u00eddrico existente.<\/span><span lang=\"es\"><br \/><\/span><span lang=\"en-US\"><br \/>A esa presi\u00f3n se suma la dimensi\u00f3n mineral. El despliegue de chips, bater\u00edas y equipos de refrigeraci\u00f3n dispara la demanda de cobre, litio, cobalto y elementos de tierras raras, generando riesgos simult\u00e1neos en tres frentes: la disponibilidad de suministro, el impacto ambiental de la extracci\u00f3n y la exposici\u00f3n geopol\u00edtica ante la concentraci\u00f3n de estos recursos en pocos pa\u00edses. El estudio detalla, por ejemplo, que la demanda de litio podr\u00eda multiplicarse por cinco hacia 2030, mientras que la de cobre podr\u00eda crecer entre un 30% y un 40% en el largo plazo. El cuarto elemento del nexo, el suelo, entra en la ecuaci\u00f3n a trav\u00e9s de los grandes campus de <\/span><span lang=\"en-US\">IA<\/span><span lang=\"en-US\">, que compiten por terrenos, electricidad y agua en las comunidades donde se instalan, con efectos directos sobre los ecosistemas locales y la aceptaci\u00f3n social de estos proyectos.<\/span><span lang=\"es\"><br \/><\/span><span lang=\"en-US\"><br \/>Frente a este panorama, el documento plantea que el futuro de la <\/span><span lang=\"en-US\">IA<\/span><span lang=\"en-US\"> no se definir\u00e1 solo por avances tecnol\u00f3gicos, sino por la capacidad de gobiernos, empresas, inversionistas y comunidades para coordinar una planificaci\u00f3n conjunta de estos cuatro recursos. Entre las l\u00edneas de acci\u00f3n propuestas destacan la incorporaci\u00f3n de energ\u00eda limpia y sistemas de refrigeraci\u00f3n m\u00e1s eficientes, el impulso a un uso circular de los minerales cr\u00edticos, la adopci\u00f3n de reportes transparentes sobre el consumo de recursos y el fortalecimiento de la cooperaci\u00f3n entre los distintos actores del ecosistema. El mensaje de fondo es que abandonar el enfoque puramente tecnol\u00f3gico para adoptar una mirada sist\u00e9mica es lo que permitir\u00e1 que la <\/span><span lang=\"en-US\">IA<\/span><span lang=\"en-US\"> se consolide como un motor de prosperidad de largo plazo, en lugar de convertirse en una fuente creciente de tensi\u00f3n ambiental y social.<\/span><\/p><p align=\"justify\"><span style=\"color: #800000;\"><b>Para leer m\u00e1s ingrese a:<\/b><\/span><\/p><p><a href=\"https:\/\/reports.weforum.org\/docs\/WEF_Building_Resilient_and_Scalable_AI_Value_Chains_2026.pdf\">https:\/\/reports.weforum.org\/docs\/WEF_Building_Resilient_and_Scalable_AI_Value_Chains_2026.pdf<\/a><\/p><p><a href=\"https:\/\/reports.weforum.org\/docs\/WEF_Building_Resilient_and_Scalable_AI_Value_Chains_2026.pdf\">https:\/\/reports.weforum.org\/docs\/WEF_Building_Resilient_and_Scalable_AI_Value_Chains_2026.pdf<\/a><\/p>\t\t\t\t\t\t<\/div>\n\t\t\t\t<\/div>\n\t\t\t\t\t<\/div>\n\t\t<\/div>\n\t\t\t\t\t\t\t<\/div>\n\t\t<\/section>\n\t\t\t\t\t\t\t<\/div>\n\t\t<div style=\"text-align:center\" class=\"yasr-auto-insert-visitor\"><\/div>","protected":false},"excerpt":{"rendered":"<p>El crecimiento de la inteligencia artificial ya no depende \u00fanicamente de la capacidad de c\u00f3mputo disponible, sino de un conjunto de recursos f\u00edsicos que suelen quedar fuera del radar: energ\u00eda, agua, minerales cr\u00edticos y suelo. El estudio examina la cadena de valor completa de la IA (infraestructura, las llamadas f\u00e1bricas de IA y centros de datos, y la capa de aplicaciones) para mostrar c\u00f3mo estos cuatro factores se entrelazan y pueden convertirse en cuellos de botella si se planifican de forma aislada. Con datos como un gasto de capital de las grandes tecnol\u00f3gicas que pasar\u00eda de 410.000 millones de d\u00f3lares en 2025 a 700.000 millones en 2026, o un consumo el\u00e9ctrico de los centros de datos que podr\u00eda llegar a 945 teravatios hora en 2030 (superando el consumo combinado actual de pa\u00edses como Alemania y Francia), el documento evidencia la magnitud del reto. Tambi\u00e9n advierte sobre la presi\u00f3n creciente sobre fuentes de agua, dado que buena parte de los centros de datos ya opera en regiones con estr\u00e9s h\u00eddrico, y sobre la vulnerabilidad geopol\u00edtica ligada al cobre, el litio y las tierras raras. El texto cierra con recomendaciones concretas dirigidas a gobiernos, empresas, inversionistas y comunidades para avanzar hacia una planificaci\u00f3n integrada de estos recursos. <\/p>","protected":false},"author":23,"featured_media":75416,"comment_status":"open","ping_status":"open","sticky":false,"template":"","format":"standard","meta":{"yasr_overall_rating":0,"yasr_post_is_review":"","yasr_auto_insert_disabled":"","yasr_review_type":"","footnotes":""},"categories":[55,53],"tags":[],"class_list":["post-75415","post","type-post","status-publish","format-standard","has-post-thumbnail","hentry","category-digitalizacion","category-tendencias"],"yoast_head":"<!-- This site is optimized with the Yoast SEO plugin v28.2 - https:\/\/yoast.com\/product\/yoast-seo-wordpress\/ -->\n<title>Building Resilient and Scalable AI Value Chains: A Nexus Strategy - Colombia Inteligente<\/title>\n<meta name=\"robots\" content=\"index, follow, max-snippet:-1, max-image-preview:large, max-video-preview:-1\" \/>\n<link rel=\"canonical\" href=\"https:\/\/colombiainteligente.org\/es_co\/tendencias\/building-resilient-and-scalable-ai-value-chains-a-nexus-strategy\/\" \/>\n<meta property=\"og:locale\" content=\"es_ES\" \/>\n<meta property=\"og:type\" content=\"article\" \/>\n<meta property=\"og:title\" content=\"Building Resilient and Scalable AI Value Chains: A Nexus Strategy - Colombia Inteligente\" \/>\n<meta property=\"og:description\" content=\"El crecimiento de la inteligencia artificial ya no depende \u00fanicamente de la capacidad de c\u00f3mputo disponible, sino de un conjunto de recursos f\u00edsicos que suelen quedar fuera del radar: energ\u00eda, agua, minerales cr\u00edticos y suelo. El estudio examina la cadena de valor completa de la IA (infraestructura, las llamadas f\u00e1bricas de IA y centros de datos, y la capa de aplicaciones) para mostrar c\u00f3mo estos cuatro factores se entrelazan y pueden convertirse en cuellos de botella si se planifican de forma aislada. Con datos como un gasto de capital de las grandes tecnol\u00f3gicas que pasar\u00eda de 410.000 millones de d\u00f3lares en 2025 a 700.000 millones en 2026, o un consumo el\u00e9ctrico de los centros de datos que podr\u00eda llegar a 945 teravatios hora en 2030 (superando el consumo combinado actual de pa\u00edses como Alemania y Francia), el documento evidencia la magnitud del reto. Tambi\u00e9n advierte sobre la presi\u00f3n creciente sobre fuentes de agua, dado que buena parte de los centros de datos ya opera en regiones con estr\u00e9s h\u00eddrico, y sobre la vulnerabilidad geopol\u00edtica ligada al cobre, el litio y las tierras raras. El texto cierra con recomendaciones concretas dirigidas a gobiernos, empresas, inversionistas y comunidades para avanzar hacia una planificaci\u00f3n integrada de estos recursos.\" \/>\n<meta property=\"og:url\" content=\"https:\/\/colombiainteligente.org\/es_co\/tendencias\/building-resilient-and-scalable-ai-value-chains-a-nexus-strategy\/\" \/>\n<meta property=\"og:site_name\" content=\"Colombia Inteligente\" \/>\n<meta property=\"article:published_time\" content=\"2026-09-05T00:45:04+00:00\" \/>\n<meta property=\"article:modified_time\" content=\"2026-09-05T00:47:09+00:00\" \/>\n<meta property=\"og:image\" content=\"https:\/\/colombiainteligente.org\/wp-content\/uploads\/2026\/09\/5-Digitalizacion-471080926.png\" \/>\n\t<meta property=\"og:image:width\" content=\"1002\" \/>\n\t<meta property=\"og:image:height\" content=\"1408\" \/>\n\t<meta property=\"og:image:type\" content=\"image\/png\" \/>\n<meta name=\"author\" content=\"DIFUSI\u00d3N COLOMBIA INTELIGENTE\" \/>\n<meta name=\"twitter:card\" content=\"summary_large_image\" \/>\n<meta name=\"twitter:creator\" content=\"@colombiaintelig\" \/>\n<meta name=\"twitter:site\" content=\"@colombiaintelig\" \/>\n<meta name=\"twitter:label1\" content=\"Escrito por\" \/>\n\t<meta name=\"twitter:data1\" content=\"DIFUSI\u00d3N COLOMBIA INTELIGENTE\" \/>\n\t<meta name=\"twitter:label2\" content=\"Tiempo estimado de lectura\" \/>\n\t<meta name=\"twitter:data2\" content=\"3 minutos\" \/>\n<script type=\"application\/ld+json\" class=\"yoast-schema-graph\">{\"@context\":\"https:\\\/\\\/schema.org\",\"@graph\":[{\"@type\":\"Article\",\"@id\":\"https:\\\/\\\/colombiainteligente.org\\\/tendencias\\\/building-resilient-and-scalable-ai-value-chains-a-nexus-strategy\\\/#article\",\"isPartOf\":{\"@id\":\"https:\\\/\\\/colombiainteligente.org\\\/tendencias\\\/building-resilient-and-scalable-ai-value-chains-a-nexus-strategy\\\/\"},\"author\":{\"name\":\"DIFUSI\u00d3N COLOMBIA INTELIGENTE\",\"@id\":\"https:\\\/\\\/colombiainteligente.org\\\/#\\\/schema\\\/person\\\/e207145d548b75a6d339ff1d4d3b0432\"},\"headline\":\"Building Resilient and Scalable AI Value Chains: A Nexus Strategy\",\"datePublished\":\"2026-09-05T00:45:04+00:00\",\"dateModified\":\"2026-09-05T00:47:09+00:00\",\"mainEntityOfPage\":{\"@id\":\"https:\\\/\\\/colombiainteligente.org\\\/tendencias\\\/building-resilient-and-scalable-ai-value-chains-a-nexus-strategy\\\/\"},\"wordCount\":677,\"commentCount\":0,\"publisher\":{\"@id\":\"https:\\\/\\\/colombiainteligente.org\\\/#organization\"},\"image\":{\"@id\":\"https:\\\/\\\/colombiainteligente.org\\\/tendencias\\\/building-resilient-and-scalable-ai-value-chains-a-nexus-strategy\\\/#primaryimage\"},\"thumbnailUrl\":\"https:\\\/\\\/colombiainteligente.org\\\/wp-content\\\/uploads\\\/2026\\\/09\\\/5-Digitalizacion-471080926.png\",\"articleSection\":[\"Digitalizaci\u00f3n\",\"Tendencias\"],\"inLanguage\":\"es-CO\",\"potentialAction\":[{\"@type\":\"CommentAction\",\"name\":\"Comment\",\"target\":[\"https:\\\/\\\/colombiainteligente.org\\\/tendencias\\\/building-resilient-and-scalable-ai-value-chains-a-nexus-strategy\\\/#respond\"]}]},{\"@type\":\"WebPage\",\"@id\":\"https:\\\/\\\/colombiainteligente.org\\\/tendencias\\\/building-resilient-and-scalable-ai-value-chains-a-nexus-strategy\\\/\",\"url\":\"https:\\\/\\\/colombiainteligente.org\\\/tendencias\\\/building-resilient-and-scalable-ai-value-chains-a-nexus-strategy\\\/\",\"name\":\"Building Resilient and Scalable AI Value Chains: A Nexus Strategy - Colombia Inteligente\",\"isPartOf\":{\"@id\":\"https:\\\/\\\/colombiainteligente.org\\\/#website\"},\"primaryImageOfPage\":{\"@id\":\"https:\\\/\\\/colombiainteligente.org\\\/tendencias\\\/building-resilient-and-scalable-ai-value-chains-a-nexus-strategy\\\/#primaryimage\"},\"image\":{\"@id\":\"https:\\\/\\\/colombiainteligente.org\\\/tendencias\\\/building-resilient-and-scalable-ai-value-chains-a-nexus-strategy\\\/#primaryimage\"},\"thumbnailUrl\":\"https:\\\/\\\/colombiainteligente.org\\\/wp-content\\\/uploads\\\/2026\\\/09\\\/5-Digitalizacion-471080926.png\",\"datePublished\":\"2026-09-05T00:45:04+00:00\",\"dateModified\":\"2026-09-05T00:47:09+00:00\",\"breadcrumb\":{\"@id\":\"https:\\\/\\\/colombiainteligente.org\\\/tendencias\\\/building-resilient-and-scalable-ai-value-chains-a-nexus-strategy\\\/#breadcrumb\"},\"inLanguage\":\"es-CO\",\"potentialAction\":[{\"@type\":\"ReadAction\",\"target\":[\"https:\\\/\\\/colombiainteligente.org\\\/tendencias\\\/building-resilient-and-scalable-ai-value-chains-a-nexus-strategy\\\/\"]}]},{\"@type\":\"ImageObject\",\"inLanguage\":\"es-CO\",\"@id\":\"https:\\\/\\\/colombiainteligente.org\\\/tendencias\\\/building-resilient-and-scalable-ai-value-chains-a-nexus-strategy\\\/#primaryimage\",\"url\":\"https:\\\/\\\/colombiainteligente.org\\\/wp-content\\\/uploads\\\/2026\\\/09\\\/5-Digitalizacion-471080926.png\",\"contentUrl\":\"https:\\\/\\\/colombiainteligente.org\\\/wp-content\\\/uploads\\\/2026\\\/09\\\/5-Digitalizacion-471080926.png\",\"width\":1002,\"height\":1408},{\"@type\":\"BreadcrumbList\",\"@id\":\"https:\\\/\\\/colombiainteligente.org\\\/tendencias\\\/building-resilient-and-scalable-ai-value-chains-a-nexus-strategy\\\/#breadcrumb\",\"itemListElement\":[{\"@type\":\"ListItem\",\"position\":1,\"name\":\"Portada\",\"item\":\"https:\\\/\\\/colombiainteligente.org\\\/\"},{\"@type\":\"ListItem\",\"position\":2,\"name\":\"Building Resilient and Scalable AI Value Chains: A Nexus Strategy\"}]},{\"@type\":\"WebSite\",\"@id\":\"https:\\\/\\\/colombiainteligente.org\\\/#website\",\"url\":\"https:\\\/\\\/colombiainteligente.org\\\/\",\"name\":\"Colombia Inteligente\",\"description\":\"Alianza estrat\u00e9gica, conformada por empresas y entidades, para la inserci\u00f3n integral y eficiente de las redes inteligentes a la infraestructura del sector el\u00e9ctrico colombiano\",\"publisher\":{\"@id\":\"https:\\\/\\\/colombiainteligente.org\\\/#organization\"},\"potentialAction\":[{\"@type\":\"SearchAction\",\"target\":{\"@type\":\"EntryPoint\",\"urlTemplate\":\"https:\\\/\\\/colombiainteligente.org\\\/?s={search_term_string}\"},\"query-input\":{\"@type\":\"PropertyValueSpecification\",\"valueRequired\":true,\"valueName\":\"search_term_string\"}}],\"inLanguage\":\"es-CO\"},{\"@type\":\"Organization\",\"@id\":\"https:\\\/\\\/colombiainteligente.org\\\/#organization\",\"name\":\"Colombia Inteligente\",\"url\":\"https:\\\/\\\/colombiainteligente.org\\\/\",\"logo\":{\"@type\":\"ImageObject\",\"inLanguage\":\"es-CO\",\"@id\":\"https:\\\/\\\/colombiainteligente.org\\\/#\\\/schema\\\/logo\\\/image\\\/\",\"url\":\"https:\\\/\\\/colombiainteligente.org\\\/wp-content\\\/uploads\\\/2022\\\/07\\\/Image.png\",\"contentUrl\":\"https:\\\/\\\/colombiainteligente.org\\\/wp-content\\\/uploads\\\/2022\\\/07\\\/Image.png\",\"width\":588,\"height\":274,\"caption\":\"Colombia Inteligente\"},\"image\":{\"@id\":\"https:\\\/\\\/colombiainteligente.org\\\/#\\\/schema\\\/logo\\\/image\\\/\"},\"sameAs\":[\"https:\\\/\\\/x.com\\\/colombiaintelig\",\"https:\\\/\\\/www.linkedin.com\\\/company\\\/colombiainteligente\\\/\"]},{\"@type\":\"Person\",\"@id\":\"https:\\\/\\\/colombiainteligente.org\\\/#\\\/schema\\\/person\\\/e207145d548b75a6d339ff1d4d3b0432\",\"name\":\"DIFUSI\u00d3N COLOMBIA INTELIGENTE\",\"image\":{\"@type\":\"ImageObject\",\"inLanguage\":\"es-CO\",\"@id\":\"https:\\\/\\\/secure.gravatar.com\\\/avatar\\\/df2e679ff2abf288cf4bf58830dad897e596908105ec8969f50f748a6d837869?s=96&d=mm&r=g\",\"url\":\"https:\\\/\\\/secure.gravatar.com\\\/avatar\\\/df2e679ff2abf288cf4bf58830dad897e596908105ec8969f50f748a6d837869?s=96&d=mm&r=g\",\"contentUrl\":\"https:\\\/\\\/secure.gravatar.com\\\/avatar\\\/df2e679ff2abf288cf4bf58830dad897e596908105ec8969f50f748a6d837869?s=96&d=mm&r=g\",\"caption\":\"DIFUSI\u00d3N COLOMBIA INTELIGENTE\"},\"url\":\"https:\\\/\\\/colombiainteligente.org\\\/es_co\\\/author\\\/difusioncolombiainteligente-org\\\/\"}]}<\/script>\n<!-- \/ Yoast SEO plugin. -->","yoast_head_json":{"title":"Building Resilient and Scalable AI Value Chains: A Nexus Strategy - Colombia Inteligente","robots":{"index":"index","follow":"follow","max-snippet":"max-snippet:-1","max-image-preview":"max-image-preview:large","max-video-preview":"max-video-preview:-1"},"canonical":"https:\/\/colombiainteligente.org\/es_co\/tendencias\/building-resilient-and-scalable-ai-value-chains-a-nexus-strategy\/","og_locale":"es_ES","og_type":"article","og_title":"Building Resilient and Scalable AI Value Chains: A Nexus Strategy - Colombia Inteligente","og_description":"El crecimiento de la inteligencia artificial ya no depende \u00fanicamente de la capacidad de c\u00f3mputo disponible, sino de un conjunto de recursos f\u00edsicos que suelen quedar fuera del radar: energ\u00eda, agua, minerales cr\u00edticos y suelo. El estudio examina la cadena de valor completa de la IA (infraestructura, las llamadas f\u00e1bricas de IA y centros de datos, y la capa de aplicaciones) para mostrar c\u00f3mo estos cuatro factores se entrelazan y pueden convertirse en cuellos de botella si se planifican de forma aislada. Con datos como un gasto de capital de las grandes tecnol\u00f3gicas que pasar\u00eda de 410.000 millones de d\u00f3lares en 2025 a 700.000 millones en 2026, o un consumo el\u00e9ctrico de los centros de datos que podr\u00eda llegar a 945 teravatios hora en 2030 (superando el consumo combinado actual de pa\u00edses como Alemania y Francia), el documento evidencia la magnitud del reto. Tambi\u00e9n advierte sobre la presi\u00f3n creciente sobre fuentes de agua, dado que buena parte de los centros de datos ya opera en regiones con estr\u00e9s h\u00eddrico, y sobre la vulnerabilidad geopol\u00edtica ligada al cobre, el litio y las tierras raras. El texto cierra con recomendaciones concretas dirigidas a gobiernos, empresas, inversionistas y comunidades para avanzar hacia una planificaci\u00f3n integrada de estos recursos.","og_url":"https:\/\/colombiainteligente.org\/es_co\/tendencias\/building-resilient-and-scalable-ai-value-chains-a-nexus-strategy\/","og_site_name":"Colombia Inteligente","article_published_time":"2026-09-05T00:45:04+00:00","article_modified_time":"2026-09-05T00:47:09+00:00","og_image":[{"width":1002,"height":1408,"url":"https:\/\/colombiainteligente.org\/wp-content\/uploads\/2026\/09\/5-Digitalizacion-471080926.png","type":"image\/png"}],"author":"DIFUSI\u00d3N COLOMBIA INTELIGENTE","twitter_card":"summary_large_image","twitter_creator":"@colombiaintelig","twitter_site":"@colombiaintelig","twitter_misc":{"Escrito por":"DIFUSI\u00d3N COLOMBIA INTELIGENTE","Tiempo estimado de lectura":"3 minutos"},"schema":{"@context":"https:\/\/schema.org","@graph":[{"@type":"Article","@id":"https:\/\/colombiainteligente.org\/tendencias\/building-resilient-and-scalable-ai-value-chains-a-nexus-strategy\/#article","isPartOf":{"@id":"https:\/\/colombiainteligente.org\/tendencias\/building-resilient-and-scalable-ai-value-chains-a-nexus-strategy\/"},"author":{"name":"DIFUSI\u00d3N COLOMBIA INTELIGENTE","@id":"https:\/\/colombiainteligente.org\/#\/schema\/person\/e207145d548b75a6d339ff1d4d3b0432"},"headline":"Building Resilient and Scalable AI Value Chains: A Nexus Strategy","datePublished":"2026-09-05T00:45:04+00:00","dateModified":"2026-09-05T00:47:09+00:00","mainEntityOfPage":{"@id":"https:\/\/colombiainteligente.org\/tendencias\/building-resilient-and-scalable-ai-value-chains-a-nexus-strategy\/"},"wordCount":677,"commentCount":0,"publisher":{"@id":"https:\/\/colombiainteligente.org\/#organization"},"image":{"@id":"https:\/\/colombiainteligente.org\/tendencias\/building-resilient-and-scalable-ai-value-chains-a-nexus-strategy\/#primaryimage"},"thumbnailUrl":"https:\/\/colombiainteligente.org\/wp-content\/uploads\/2026\/09\/5-Digitalizacion-471080926.png","articleSection":["Digitalizaci\u00f3n","Tendencias"],"inLanguage":"es-CO","potentialAction":[{"@type":"CommentAction","name":"Comment","target":["https:\/\/colombiainteligente.org\/tendencias\/building-resilient-and-scalable-ai-value-chains-a-nexus-strategy\/#respond"]}]},{"@type":"WebPage","@id":"https:\/\/colombiainteligente.org\/tendencias\/building-resilient-and-scalable-ai-value-chains-a-nexus-strategy\/","url":"https:\/\/colombiainteligente.org\/tendencias\/building-resilient-and-scalable-ai-value-chains-a-nexus-strategy\/","name":"Building Resilient and Scalable AI Value Chains: A Nexus Strategy - Colombia Inteligente","isPartOf":{"@id":"https:\/\/colombiainteligente.org\/#website"},"primaryImageOfPage":{"@id":"https:\/\/colombiainteligente.org\/tendencias\/building-resilient-and-scalable-ai-value-chains-a-nexus-strategy\/#primaryimage"},"image":{"@id":"https:\/\/colombiainteligente.org\/tendencias\/building-resilient-and-scalable-ai-value-chains-a-nexus-strategy\/#primaryimage"},"thumbnailUrl":"https:\/\/colombiainteligente.org\/wp-content\/uploads\/2026\/09\/5-Digitalizacion-471080926.png","datePublished":"2026-09-05T00:45:04+00:00","dateModified":"2026-09-05T00:47:09+00:00","breadcrumb":{"@id":"https:\/\/colombiainteligente.org\/tendencias\/building-resilient-and-scalable-ai-value-chains-a-nexus-strategy\/#breadcrumb"},"inLanguage":"es-CO","potentialAction":[{"@type":"ReadAction","target":["https:\/\/colombiainteligente.org\/tendencias\/building-resilient-and-scalable-ai-value-chains-a-nexus-strategy\/"]}]},{"@type":"ImageObject","inLanguage":"es-CO","@id":"https:\/\/colombiainteligente.org\/tendencias\/building-resilient-and-scalable-ai-value-chains-a-nexus-strategy\/#primaryimage","url":"https:\/\/colombiainteligente.org\/wp-content\/uploads\/2026\/09\/5-Digitalizacion-471080926.png","contentUrl":"https:\/\/colombiainteligente.org\/wp-content\/uploads\/2026\/09\/5-Digitalizacion-471080926.png","width":1002,"height":1408},{"@type":"BreadcrumbList","@id":"https:\/\/colombiainteligente.org\/tendencias\/building-resilient-and-scalable-ai-value-chains-a-nexus-strategy\/#breadcrumb","itemListElement":[{"@type":"ListItem","position":1,"name":"Portada","item":"https:\/\/colombiainteligente.org\/"},{"@type":"ListItem","position":2,"name":"Building Resilient and Scalable AI Value Chains: A Nexus Strategy"}]},{"@type":"WebSite","@id":"https:\/\/colombiainteligente.org\/#website","url":"https:\/\/colombiainteligente.org\/","name":"Colombia Inteligente","description":"Alianza estrat\u00e9gica, conformada por empresas y entidades, para la inserci\u00f3n integral y eficiente de las redes inteligentes a la infraestructura del sector el\u00e9ctrico colombiano","publisher":{"@id":"https:\/\/colombiainteligente.org\/#organization"},"potentialAction":[{"@type":"SearchAction","target":{"@type":"EntryPoint","urlTemplate":"https:\/\/colombiainteligente.org\/?s={search_term_string}"},"query-input":{"@type":"PropertyValueSpecification","valueRequired":true,"valueName":"search_term_string"}}],"inLanguage":"es-CO"},{"@type":"Organization","@id":"https:\/\/colombiainteligente.org\/#organization","name":"Colombia Inteligente","url":"https:\/\/colombiainteligente.org\/","logo":{"@type":"ImageObject","inLanguage":"es-CO","@id":"https:\/\/colombiainteligente.org\/#\/schema\/logo\/image\/","url":"https:\/\/colombiainteligente.org\/wp-content\/uploads\/2022\/07\/Image.png","contentUrl":"https:\/\/colombiainteligente.org\/wp-content\/uploads\/2022\/07\/Image.png","width":588,"height":274,"caption":"Colombia Inteligente"},"image":{"@id":"https:\/\/colombiainteligente.org\/#\/schema\/logo\/image\/"},"sameAs":["https:\/\/x.com\/colombiaintelig","https:\/\/www.linkedin.com\/company\/colombiainteligente\/"]},{"@type":"Person","@id":"https:\/\/colombiainteligente.org\/#\/schema\/person\/e207145d548b75a6d339ff1d4d3b0432","name":"DIFUSI\u00d3N COLOMBIA INTELIGENTE","image":{"@type":"ImageObject","inLanguage":"es-CO","@id":"https:\/\/secure.gravatar.com\/avatar\/df2e679ff2abf288cf4bf58830dad897e596908105ec8969f50f748a6d837869?s=96&d=mm&r=g","url":"https:\/\/secure.gravatar.com\/avatar\/df2e679ff2abf288cf4bf58830dad897e596908105ec8969f50f748a6d837869?s=96&d=mm&r=g","contentUrl":"https:\/\/secure.gravatar.com\/avatar\/df2e679ff2abf288cf4bf58830dad897e596908105ec8969f50f748a6d837869?s=96&d=mm&r=g","caption":"DIFUSI\u00d3N COLOMBIA INTELIGENTE"},"url":"https:\/\/colombiainteligente.org\/es_co\/author\/difusioncolombiainteligente-org\/"}]}},"yasr_visitor_votes":{"number_of_votes":0,"sum_votes":0,"stars_attributes":{"read_only":false,"span_bottom":false}},"_links":{"self":[{"href":"https:\/\/colombiainteligente.org\/es_co\/wp-json\/wp\/v2\/posts\/75415","targetHints":{"allow":["GET"]}}],"collection":[{"href":"https:\/\/colombiainteligente.org\/es_co\/wp-json\/wp\/v2\/posts"}],"about":[{"href":"https:\/\/colombiainteligente.org\/es_co\/wp-json\/wp\/v2\/types\/post"}],"author":[{"embeddable":true,"href":"https:\/\/colombiainteligente.org\/es_co\/wp-json\/wp\/v2\/users\/23"}],"replies":[{"embeddable":true,"href":"https:\/\/colombiainteligente.org\/es_co\/wp-json\/wp\/v2\/comments?post=75415"}],"version-history":[{"count":7,"href":"https:\/\/colombiainteligente.org\/es_co\/wp-json\/wp\/v2\/posts\/75415\/revisions"}],"predecessor-version":[{"id":75423,"href":"https:\/\/colombiainteligente.org\/es_co\/wp-json\/wp\/v2\/posts\/75415\/revisions\/75423"}],"wp:featuredmedia":[{"embeddable":true,"href":"https:\/\/colombiainteligente.org\/es_co\/wp-json\/wp\/v2\/media\/75416"}],"wp:attachment":[{"href":"https:\/\/colombiainteligente.org\/es_co\/wp-json\/wp\/v2\/media?parent=75415"}],"wp:term":[{"taxonomy":"category","embeddable":true,"href":"https:\/\/colombiainteligente.org\/es_co\/wp-json\/wp\/v2\/categories?post=75415"},{"taxonomy":"post_tag","embeddable":true,"href":"https:\/\/colombiainteligente.org\/es_co\/wp-json\/wp\/v2\/tags?post=75415"}],"curies":[{"name":"wp","href":"https:\/\/api.w.org\/{rel}","templated":true}]}}