{"id":75445,"date":"2026-09-04T20:03:29","date_gmt":"2026-09-05T01:03:29","guid":{"rendered":"https:\/\/colombiainteligente.org\/?p=75445"},"modified":"2026-09-04T20:06:12","modified_gmt":"2026-09-05T01:06:12","slug":"renewables-in-district-energy","status":"publish","type":"post","link":"https:\/\/colombiainteligente.org\/es_co\/tendencias\/renewables-in-district-energy\/","title":{"rendered":"Renewables in District Energy"},"content":{"rendered":"<div data-elementor-type=\"wp-post\" data-elementor-id=\"75445\" class=\"elementor elementor-75445\" data-elementor-post-type=\"post\">\n\t\t\t\t\t\t\t\t\t<section class=\"elementor-section elementor-top-section elementor-element elementor-element-87c6aa2 elementor-section-boxed elementor-section-height-default elementor-section-height-default\" data-id=\"87c6aa2\" data-element_type=\"section\">\n\t\t\t\t\t\t<div class=\"elementor-container elementor-column-gap-default\">\n\t\t\t\t\t<div class=\"elementor-column elementor-col-100 elementor-top-column elementor-element elementor-element-558bb819\" data-id=\"558bb819\" data-element_type=\"column\">\n\t\t\t<div class=\"elementor-widget-wrap elementor-element-populated\">\n\t\t\t\t\t\t\t\t<div class=\"elementor-element elementor-element-3067325c elementor-widget elementor-widget-text-editor\" data-id=\"3067325c\" data-element_type=\"widget\" data-widget_type=\"text-editor.default\">\n\t\t\t\t<div class=\"elementor-widget-container\">\n\t\t\t<style>\/*! elementor - v3.14.0 - 26-06-2023 *\/\n.elementor-widget-text-editor.elementor-drop-cap-view-stacked .elementor-drop-cap{background-color:#69727d;color:#fff}.elementor-widget-text-editor.elementor-drop-cap-view-framed .elementor-drop-cap{color:#69727d;border:3px solid;background-color:transparent}.elementor-widget-text-editor:not(.elementor-drop-cap-view-default) .elementor-drop-cap{margin-top:8px}.elementor-widget-text-editor:not(.elementor-drop-cap-view-default) .elementor-drop-cap-letter{width:1em;height:1em}.elementor-widget-text-editor .elementor-drop-cap{float:left;text-align:center;line-height:1;font-size:50px}.elementor-widget-text-editor .elementor-drop-cap-letter{display:inline-block}<\/style>\t\t\t\t<p lang=\"en-US\">La calefacci\u00f3n y la refrigeraci\u00f3n concentran m\u00e1s de la mitad del consumo energ\u00e9tico mundial de uso final, y dentro de ese universo los sistemas de energ\u00eda distrital cumplen un papel estrat\u00e9gico que suele pasar inadvertido frente al protagonismo que reciben la energ\u00eda solar fotovoltaica o los veh\u00edculos el\u00e9ctricos. Estas redes, que producen calor o fr\u00edo de manera centralizada y lo distribuyen a trav\u00e9s de tuber\u00edas aisladas hacia edificios residenciales, comerciales e industriales, ya suman m\u00e1s de un mill\u00f3n de kil\u00f3metros de extensi\u00f3n a nivel global y han aumentado su entrega de energ\u00eda en cerca de 35% desde 2010. Pa\u00edses como Dinamarca, Finlandia y Suecia cubren alrededor de la mitad de su demanda de calefacci\u00f3n mediante estos sistemas, mientras que China ha multiplicado por diez la longitud de sus redes desde el a\u00f1o 2000, impulsada por una fuerte planificaci\u00f3n centralizada.<\/p><p lang=\"es\">El problema central que aborda este informe es que, pese a su potencial, la energ\u00eda distrital contin\u00faa dependiendo abrumadoramente de combustibles f\u00f3siles. El carb\u00f3n representa cerca de la mitad de la producci\u00f3n mundial de calor distrital y el gas natural cerca de un tercio, mientras que las renovables apenas alcanzan el 7% del total, una proporci\u00f3n que ha permanecido pr\u00e1cticamente estancada en la \u00faltima d\u00e9cada pese al avance acelerado de otras tecnolog\u00edas limpias como la solar fotovoltaica o la e\u00f3lica. Sin cambios de pol\u00edtica, se proyecta que el calor renovable distrital solo crecer\u00eda un 10% adicional hacia 2030, cuando en las redes ya existentes ese potencial podr\u00eda multiplicarse hasta por diez sin necesidad de grandes inversiones en infraestructura nueva.<\/p><p lang=\"es\">El documento identifica un conjunto de tecnolog\u00edas ya maduras y cada vez m\u00e1s competitivas para cerrar esa brecha. Las bombas de calor de gran escala resultan especialmente atractivas cuando pueden aprovechar fuentes de calor residual (de procesos industriales, aguas residuales o centros de datos) y operar en redes de baja temperatura, condiciones bajo las cuales su desempe\u00f1o puede triplicarse frente a fuentes ambientales convencionales. La energ\u00eda solar t\u00e9rmica, por su parte, ofrece calor a bajo costo cuando se combina con almacenamiento t\u00e9rmico estacional en fosas: el caso dan\u00e9s de Silkeborg, la instalaci\u00f3n m\u00e1s grande del mundo en su tipo, ilustra c\u00f3mo estos sistemas pueden cubrir entre 40% y 50% de la carga anual de calefacci\u00f3n. La geotermia, entre tanto, muestra rutas de desarrollo distintas seg\u00fan el pa\u00eds: mientras Islandia se apoya en una planificaci\u00f3n centralizada de larga data, Francia y Alemania han optado por mecanismos p\u00fablicos de mitigaci\u00f3n de riesgo de perforaci\u00f3n que permiten movilizar inversi\u00f3n privada incluso en condiciones geol\u00f3gicas menos favorables.<\/p><p lang=\"es\">M\u00e1s all\u00e1 de la tecnolog\u00eda, el informe insiste en que los principales obst\u00e1culos no son t\u00e9cnicos sino econ\u00f3micos y regulatorios. Los altos requerimientos de capital inicial, las temperaturas de operaci\u00f3n elevadas en redes antiguas y las se\u00f1ales de precio desfavorables entre electricidad y gas frenan la electrificaci\u00f3n del calor en muchos mercados. Para superar estas barreras, el documento propone cuatro l\u00edneas de acci\u00f3n: planificar la calefacci\u00f3n y refrigeraci\u00f3n como un componente obligatorio de la estrategia urbana y energ\u00e9tica; modernizar las redes existentes para reducir sus temperaturas de suministro e incorporar controles digitales; electrificar e integrar el calor distrital dentro de los mercados el\u00e9ctricos, reconociendo el almacenamiento t\u00e9rmico y las bombas de calor de gran escala como activos de flexibilidad; y financiar estos sistemas mediante modelos de concesi\u00f3n, retornos regulados y fondos dedicados a la rehabilitaci\u00f3n de redes. Estas prioridades se calibran de forma distinta seg\u00fan la madurez de cada mercado: los sistemas renovables consolidados deben enfocarse en optimizaci\u00f3n y diversificaci\u00f3n de suministro, las redes dominadas por combustibles f\u00f3siles en eficiencia y reconversi\u00f3n de combustible, y los mercados emergentes en planeaci\u00f3n, capacidad institucional y proyectos financiables, un marco que resulta directamente relevante para cualquier pa\u00eds que eval\u00fae la energ\u00eda distrital como palanca de seguridad energ\u00e9tica y descarbonizaci\u00f3n urbana.<\/p><p align=\"justify\"><span style=\"color: #800000;\"><b>Para leer m\u00e1s ingrese a:<\/b><\/span><\/p><p><a href=\"https:\/\/iea.blob.core.windows.net\/assets\/af971612-a456-495e-8c55-5d13bc281962\/RenewablesinDistrictEnergy.pdf\">https:\/\/iea.blob.core.windows.net\/assets\/af971612-a456-495e-8c55-5d13bc281962\/RenewablesinDistrictEnergy.pdf<\/a><\/p><p><a href=\"https:\/\/iea.blob.core.windows.net\/assets\/af971612-a456-495e-8c55-5d13bc281962\/RenewablesinDistrictEnergy.pdf\">https:\/\/iea.blob.core.windows.net\/assets\/af971612-a456-495e-8c55-5d13bc281962\/RenewablesinDistrictEnergy.pdf<\/a><\/p>\t\t\t\t\t\t<\/div>\n\t\t\t\t<\/div>\n\t\t\t\t\t<\/div>\n\t\t<\/div>\n\t\t\t\t\t\t\t<\/div>\n\t\t<\/section>\n\t\t\t\t\t\t\t<\/div>\n\t\t<div style=\"text-align:center\" class=\"yasr-auto-insert-visitor\"><\/div>","protected":false},"excerpt":{"rendered":"<p>Los sistemas de energ\u00eda distrital, es decir, las redes que producen calor o fr\u00edo de forma centralizada y lo distribuyen mediante tuber\u00edas aisladas a barrios enteros, abastecen hoy a cerca de 600 millones de personas en el mundo, pero siguen dependiendo mayoritariamente de combustibles f\u00f3siles: el carb\u00f3n representa cerca de la mitad de la producci\u00f3n global de calor distrital y el gas natural cerca de un tercio, mientras que las renovables apenas alcanzan el 7%. El estudio examina esta brecha a partir de una radiograf\u00eda global de la calefacci\u00f3n y refrigeraci\u00f3n distrital (mezcla de combustibles, condiciones de mercado, modelos de gobernanza y asequibilidad) y explora el potencial de fuentes renovables y de calor recuperado como bioenerg\u00eda, geotermia, energ\u00eda solar t\u00e9rmica, calor residual, bombas de calor de gran escala y almacenamiento t\u00e9rmico estacional. A partir de casos concretos en Dinamarca, China, Alemania, Serbia y otros pa\u00edses, el documento plantea prioridades de pol\u00edtica diferenciadas seg\u00fan el tipo de mercado: sistemas ya consolidados con alta participaci\u00f3n renovable, redes intensivas en combustibles f\u00f3siles, y mercados emergentes o a\u00fan sin desarrollar, ofreciendo una hoja de ruta concreta para acelerar la descarbonizaci\u00f3n del calor urbano.<\/p>","protected":false},"author":23,"featured_media":75446,"comment_status":"open","ping_status":"open","sticky":false,"template":"","format":"standard","meta":{"yasr_overall_rating":0,"yasr_post_is_review":"","yasr_auto_insert_disabled":"","yasr_review_type":"","footnotes":""},"categories":[54,53],"tags":[],"class_list":["post-75445","post","type-post","status-publish","format-standard","has-post-thumbnail","hentry","category-energia-que-transforma","category-tendencias"],"yoast_head":"<!-- This site is optimized with the Yoast SEO plugin v28.2 - https:\/\/yoast.com\/product\/yoast-seo-wordpress\/ -->\n<title>Renewables in District Energy - Colombia Inteligente<\/title>\n<meta name=\"robots\" content=\"index, follow, max-snippet:-1, max-image-preview:large, max-video-preview:-1\" \/>\n<link rel=\"canonical\" href=\"https:\/\/colombiainteligente.org\/es_co\/tendencias\/renewables-in-district-energy\/\" \/>\n<meta property=\"og:locale\" content=\"es_ES\" \/>\n<meta property=\"og:type\" content=\"article\" \/>\n<meta property=\"og:title\" content=\"Renewables in District Energy - Colombia Inteligente\" \/>\n<meta property=\"og:description\" content=\"Los sistemas de energ\u00eda distrital, es decir, las redes que producen calor o fr\u00edo de forma centralizada y lo distribuyen mediante tuber\u00edas aisladas a barrios enteros, abastecen hoy a cerca de 600 millones de personas en el mundo, pero siguen dependiendo mayoritariamente de combustibles f\u00f3siles: el carb\u00f3n representa cerca de la mitad de la producci\u00f3n global de calor distrital y el gas natural cerca de un tercio, mientras que las renovables apenas alcanzan el 7%. El estudio examina esta brecha a partir de una radiograf\u00eda global de la calefacci\u00f3n y refrigeraci\u00f3n distrital (mezcla de combustibles, condiciones de mercado, modelos de gobernanza y asequibilidad) y explora el potencial de fuentes renovables y de calor recuperado como bioenerg\u00eda, geotermia, energ\u00eda solar t\u00e9rmica, calor residual, bombas de calor de gran escala y almacenamiento t\u00e9rmico estacional. A partir de casos concretos en Dinamarca, China, Alemania, Serbia y otros pa\u00edses, el documento plantea prioridades de pol\u00edtica diferenciadas seg\u00fan el tipo de mercado: sistemas ya consolidados con alta participaci\u00f3n renovable, redes intensivas en combustibles f\u00f3siles, y mercados emergentes o a\u00fan sin desarrollar, ofreciendo una hoja de ruta concreta para acelerar la descarbonizaci\u00f3n del calor urbano.\" \/>\n<meta property=\"og:url\" content=\"https:\/\/colombiainteligente.org\/es_co\/tendencias\/renewables-in-district-energy\/\" \/>\n<meta property=\"og:site_name\" content=\"Colombia Inteligente\" \/>\n<meta property=\"article:published_time\" content=\"2026-09-05T01:03:29+00:00\" \/>\n<meta property=\"article:modified_time\" content=\"2026-09-05T01:06:12+00:00\" \/>\n<meta property=\"og:image\" content=\"https:\/\/colombiainteligente.org\/wp-content\/uploads\/2026\/09\/2-Energia-471080926.png\" \/>\n\t<meta property=\"og:image:width\" content=\"1018\" \/>\n\t<meta property=\"og:image:height\" content=\"1424\" \/>\n\t<meta property=\"og:image:type\" content=\"image\/png\" \/>\n<meta name=\"author\" content=\"DIFUSI\u00d3N COLOMBIA INTELIGENTE\" \/>\n<meta name=\"twitter:card\" content=\"summary_large_image\" \/>\n<meta name=\"twitter:creator\" content=\"@colombiaintelig\" \/>\n<meta name=\"twitter:site\" content=\"@colombiaintelig\" \/>\n<meta name=\"twitter:label1\" content=\"Escrito por\" \/>\n\t<meta name=\"twitter:data1\" content=\"DIFUSI\u00d3N COLOMBIA INTELIGENTE\" \/>\n\t<meta name=\"twitter:label2\" content=\"Tiempo estimado de lectura\" \/>\n\t<meta name=\"twitter:data2\" content=\"3 minutos\" \/>\n<script type=\"application\/ld+json\" class=\"yoast-schema-graph\">{\"@context\":\"https:\\\/\\\/schema.org\",\"@graph\":[{\"@type\":\"Article\",\"@id\":\"https:\\\/\\\/colombiainteligente.org\\\/tendencias\\\/renewables-in-district-energy\\\/#article\",\"isPartOf\":{\"@id\":\"https:\\\/\\\/colombiainteligente.org\\\/tendencias\\\/renewables-in-district-energy\\\/\"},\"author\":{\"name\":\"DIFUSI\u00d3N COLOMBIA INTELIGENTE\",\"@id\":\"https:\\\/\\\/colombiainteligente.org\\\/#\\\/schema\\\/person\\\/e207145d548b75a6d339ff1d4d3b0432\"},\"headline\":\"Renewables in District Energy\",\"datePublished\":\"2026-09-05T01:03:29+00:00\",\"dateModified\":\"2026-09-05T01:06:12+00:00\",\"mainEntityOfPage\":{\"@id\":\"https:\\\/\\\/colombiainteligente.org\\\/tendencias\\\/renewables-in-district-energy\\\/\"},\"wordCount\":745,\"commentCount\":0,\"publisher\":{\"@id\":\"https:\\\/\\\/colombiainteligente.org\\\/#organization\"},\"image\":{\"@id\":\"https:\\\/\\\/colombiainteligente.org\\\/tendencias\\\/renewables-in-district-energy\\\/#primaryimage\"},\"thumbnailUrl\":\"https:\\\/\\\/colombiainteligente.org\\\/wp-content\\\/uploads\\\/2026\\\/09\\\/2-Energia-471080926.png\",\"articleSection\":[\"Energ\u00eda que transforma\",\"Tendencias\"],\"inLanguage\":\"es-CO\",\"potentialAction\":[{\"@type\":\"CommentAction\",\"name\":\"Comment\",\"target\":[\"https:\\\/\\\/colombiainteligente.org\\\/tendencias\\\/renewables-in-district-energy\\\/#respond\"]}]},{\"@type\":\"WebPage\",\"@id\":\"https:\\\/\\\/colombiainteligente.org\\\/tendencias\\\/renewables-in-district-energy\\\/\",\"url\":\"https:\\\/\\\/colombiainteligente.org\\\/tendencias\\\/renewables-in-district-energy\\\/\",\"name\":\"Renewables in District Energy - Colombia Inteligente\",\"isPartOf\":{\"@id\":\"https:\\\/\\\/colombiainteligente.org\\\/#website\"},\"primaryImageOfPage\":{\"@id\":\"https:\\\/\\\/colombiainteligente.org\\\/tendencias\\\/renewables-in-district-energy\\\/#primaryimage\"},\"image\":{\"@id\":\"https:\\\/\\\/colombiainteligente.org\\\/tendencias\\\/renewables-in-district-energy\\\/#primaryimage\"},\"thumbnailUrl\":\"https:\\\/\\\/colombiainteligente.org\\\/wp-content\\\/uploads\\\/2026\\\/09\\\/2-Energia-471080926.png\",\"datePublished\":\"2026-09-05T01:03:29+00:00\",\"dateModified\":\"2026-09-05T01:06:12+00:00\",\"breadcrumb\":{\"@id\":\"https:\\\/\\\/colombiainteligente.org\\\/tendencias\\\/renewables-in-district-energy\\\/#breadcrumb\"},\"inLanguage\":\"es-CO\",\"potentialAction\":[{\"@type\":\"ReadAction\",\"target\":[\"https:\\\/\\\/colombiainteligente.org\\\/tendencias\\\/renewables-in-district-energy\\\/\"]}]},{\"@type\":\"ImageObject\",\"inLanguage\":\"es-CO\",\"@id\":\"https:\\\/\\\/colombiainteligente.org\\\/tendencias\\\/renewables-in-district-energy\\\/#primaryimage\",\"url\":\"https:\\\/\\\/colombiainteligente.org\\\/wp-content\\\/uploads\\\/2026\\\/09\\\/2-Energia-471080926.png\",\"contentUrl\":\"https:\\\/\\\/colombiainteligente.org\\\/wp-content\\\/uploads\\\/2026\\\/09\\\/2-Energia-471080926.png\",\"width\":1018,\"height\":1424},{\"@type\":\"BreadcrumbList\",\"@id\":\"https:\\\/\\\/colombiainteligente.org\\\/tendencias\\\/renewables-in-district-energy\\\/#breadcrumb\",\"itemListElement\":[{\"@type\":\"ListItem\",\"position\":1,\"name\":\"Portada\",\"item\":\"https:\\\/\\\/colombiainteligente.org\\\/\"},{\"@type\":\"ListItem\",\"position\":2,\"name\":\"Renewables in District Energy\"}]},{\"@type\":\"WebSite\",\"@id\":\"https:\\\/\\\/colombiainteligente.org\\\/#website\",\"url\":\"https:\\\/\\\/colombiainteligente.org\\\/\",\"name\":\"Colombia Inteligente\",\"description\":\"Alianza estrat\u00e9gica, conformada por empresas y entidades, para la inserci\u00f3n integral y eficiente de las redes inteligentes a la infraestructura del sector el\u00e9ctrico colombiano\",\"publisher\":{\"@id\":\"https:\\\/\\\/colombiainteligente.org\\\/#organization\"},\"potentialAction\":[{\"@type\":\"SearchAction\",\"target\":{\"@type\":\"EntryPoint\",\"urlTemplate\":\"https:\\\/\\\/colombiainteligente.org\\\/?s={search_term_string}\"},\"query-input\":{\"@type\":\"PropertyValueSpecification\",\"valueRequired\":true,\"valueName\":\"search_term_string\"}}],\"inLanguage\":\"es-CO\"},{\"@type\":\"Organization\",\"@id\":\"https:\\\/\\\/colombiainteligente.org\\\/#organization\",\"name\":\"Colombia Inteligente\",\"url\":\"https:\\\/\\\/colombiainteligente.org\\\/\",\"logo\":{\"@type\":\"ImageObject\",\"inLanguage\":\"es-CO\",\"@id\":\"https:\\\/\\\/colombiainteligente.org\\\/#\\\/schema\\\/logo\\\/image\\\/\",\"url\":\"https:\\\/\\\/colombiainteligente.org\\\/wp-content\\\/uploads\\\/2022\\\/07\\\/Image.png\",\"contentUrl\":\"https:\\\/\\\/colombiainteligente.org\\\/wp-content\\\/uploads\\\/2022\\\/07\\\/Image.png\",\"width\":588,\"height\":274,\"caption\":\"Colombia Inteligente\"},\"image\":{\"@id\":\"https:\\\/\\\/colombiainteligente.org\\\/#\\\/schema\\\/logo\\\/image\\\/\"},\"sameAs\":[\"https:\\\/\\\/x.com\\\/colombiaintelig\",\"https:\\\/\\\/www.linkedin.com\\\/company\\\/colombiainteligente\\\/\"]},{\"@type\":\"Person\",\"@id\":\"https:\\\/\\\/colombiainteligente.org\\\/#\\\/schema\\\/person\\\/e207145d548b75a6d339ff1d4d3b0432\",\"name\":\"DIFUSI\u00d3N COLOMBIA INTELIGENTE\",\"image\":{\"@type\":\"ImageObject\",\"inLanguage\":\"es-CO\",\"@id\":\"https:\\\/\\\/secure.gravatar.com\\\/avatar\\\/df2e679ff2abf288cf4bf58830dad897e596908105ec8969f50f748a6d837869?s=96&d=mm&r=g\",\"url\":\"https:\\\/\\\/secure.gravatar.com\\\/avatar\\\/df2e679ff2abf288cf4bf58830dad897e596908105ec8969f50f748a6d837869?s=96&d=mm&r=g\",\"contentUrl\":\"https:\\\/\\\/secure.gravatar.com\\\/avatar\\\/df2e679ff2abf288cf4bf58830dad897e596908105ec8969f50f748a6d837869?s=96&d=mm&r=g\",\"caption\":\"DIFUSI\u00d3N COLOMBIA INTELIGENTE\"},\"url\":\"https:\\\/\\\/colombiainteligente.org\\\/es_co\\\/author\\\/difusioncolombiainteligente-org\\\/\"}]}<\/script>\n<!-- \/ Yoast SEO plugin. -->","yoast_head_json":{"title":"Renewables in District Energy - Colombia Inteligente","robots":{"index":"index","follow":"follow","max-snippet":"max-snippet:-1","max-image-preview":"max-image-preview:large","max-video-preview":"max-video-preview:-1"},"canonical":"https:\/\/colombiainteligente.org\/es_co\/tendencias\/renewables-in-district-energy\/","og_locale":"es_ES","og_type":"article","og_title":"Renewables in District Energy - Colombia Inteligente","og_description":"Los sistemas de energ\u00eda distrital, es decir, las redes que producen calor o fr\u00edo de forma centralizada y lo distribuyen mediante tuber\u00edas aisladas a barrios enteros, abastecen hoy a cerca de 600 millones de personas en el mundo, pero siguen dependiendo mayoritariamente de combustibles f\u00f3siles: el carb\u00f3n representa cerca de la mitad de la producci\u00f3n global de calor distrital y el gas natural cerca de un tercio, mientras que las renovables apenas alcanzan el 7%. El estudio examina esta brecha a partir de una radiograf\u00eda global de la calefacci\u00f3n y refrigeraci\u00f3n distrital (mezcla de combustibles, condiciones de mercado, modelos de gobernanza y asequibilidad) y explora el potencial de fuentes renovables y de calor recuperado como bioenerg\u00eda, geotermia, energ\u00eda solar t\u00e9rmica, calor residual, bombas de calor de gran escala y almacenamiento t\u00e9rmico estacional. A partir de casos concretos en Dinamarca, China, Alemania, Serbia y otros pa\u00edses, el documento plantea prioridades de pol\u00edtica diferenciadas seg\u00fan el tipo de mercado: sistemas ya consolidados con alta participaci\u00f3n renovable, redes intensivas en combustibles f\u00f3siles, y mercados emergentes o a\u00fan sin desarrollar, ofreciendo una hoja de ruta concreta para acelerar la descarbonizaci\u00f3n del calor urbano.","og_url":"https:\/\/colombiainteligente.org\/es_co\/tendencias\/renewables-in-district-energy\/","og_site_name":"Colombia Inteligente","article_published_time":"2026-09-05T01:03:29+00:00","article_modified_time":"2026-09-05T01:06:12+00:00","og_image":[{"width":1018,"height":1424,"url":"https:\/\/colombiainteligente.org\/wp-content\/uploads\/2026\/09\/2-Energia-471080926.png","type":"image\/png"}],"author":"DIFUSI\u00d3N COLOMBIA INTELIGENTE","twitter_card":"summary_large_image","twitter_creator":"@colombiaintelig","twitter_site":"@colombiaintelig","twitter_misc":{"Escrito por":"DIFUSI\u00d3N COLOMBIA INTELIGENTE","Tiempo estimado de lectura":"3 minutos"},"schema":{"@context":"https:\/\/schema.org","@graph":[{"@type":"Article","@id":"https:\/\/colombiainteligente.org\/tendencias\/renewables-in-district-energy\/#article","isPartOf":{"@id":"https:\/\/colombiainteligente.org\/tendencias\/renewables-in-district-energy\/"},"author":{"name":"DIFUSI\u00d3N COLOMBIA INTELIGENTE","@id":"https:\/\/colombiainteligente.org\/#\/schema\/person\/e207145d548b75a6d339ff1d4d3b0432"},"headline":"Renewables in District Energy","datePublished":"2026-09-05T01:03:29+00:00","dateModified":"2026-09-05T01:06:12+00:00","mainEntityOfPage":{"@id":"https:\/\/colombiainteligente.org\/tendencias\/renewables-in-district-energy\/"},"wordCount":745,"commentCount":0,"publisher":{"@id":"https:\/\/colombiainteligente.org\/#organization"},"image":{"@id":"https:\/\/colombiainteligente.org\/tendencias\/renewables-in-district-energy\/#primaryimage"},"thumbnailUrl":"https:\/\/colombiainteligente.org\/wp-content\/uploads\/2026\/09\/2-Energia-471080926.png","articleSection":["Energ\u00eda que transforma","Tendencias"],"inLanguage":"es-CO","potentialAction":[{"@type":"CommentAction","name":"Comment","target":["https:\/\/colombiainteligente.org\/tendencias\/renewables-in-district-energy\/#respond"]}]},{"@type":"WebPage","@id":"https:\/\/colombiainteligente.org\/tendencias\/renewables-in-district-energy\/","url":"https:\/\/colombiainteligente.org\/tendencias\/renewables-in-district-energy\/","name":"Renewables in District Energy - Colombia Inteligente","isPartOf":{"@id":"https:\/\/colombiainteligente.org\/#website"},"primaryImageOfPage":{"@id":"https:\/\/colombiainteligente.org\/tendencias\/renewables-in-district-energy\/#primaryimage"},"image":{"@id":"https:\/\/colombiainteligente.org\/tendencias\/renewables-in-district-energy\/#primaryimage"},"thumbnailUrl":"https:\/\/colombiainteligente.org\/wp-content\/uploads\/2026\/09\/2-Energia-471080926.png","datePublished":"2026-09-05T01:03:29+00:00","dateModified":"2026-09-05T01:06:12+00:00","breadcrumb":{"@id":"https:\/\/colombiainteligente.org\/tendencias\/renewables-in-district-energy\/#breadcrumb"},"inLanguage":"es-CO","potentialAction":[{"@type":"ReadAction","target":["https:\/\/colombiainteligente.org\/tendencias\/renewables-in-district-energy\/"]}]},{"@type":"ImageObject","inLanguage":"es-CO","@id":"https:\/\/colombiainteligente.org\/tendencias\/renewables-in-district-energy\/#primaryimage","url":"https:\/\/colombiainteligente.org\/wp-content\/uploads\/2026\/09\/2-Energia-471080926.png","contentUrl":"https:\/\/colombiainteligente.org\/wp-content\/uploads\/2026\/09\/2-Energia-471080926.png","width":1018,"height":1424},{"@type":"BreadcrumbList","@id":"https:\/\/colombiainteligente.org\/tendencias\/renewables-in-district-energy\/#breadcrumb","itemListElement":[{"@type":"ListItem","position":1,"name":"Portada","item":"https:\/\/colombiainteligente.org\/"},{"@type":"ListItem","position":2,"name":"Renewables in District Energy"}]},{"@type":"WebSite","@id":"https:\/\/colombiainteligente.org\/#website","url":"https:\/\/colombiainteligente.org\/","name":"Colombia Inteligente","description":"Alianza estrat\u00e9gica, conformada por empresas y entidades, para la inserci\u00f3n integral y eficiente de las redes inteligentes a la infraestructura del sector el\u00e9ctrico colombiano","publisher":{"@id":"https:\/\/colombiainteligente.org\/#organization"},"potentialAction":[{"@type":"SearchAction","target":{"@type":"EntryPoint","urlTemplate":"https:\/\/colombiainteligente.org\/?s={search_term_string}"},"query-input":{"@type":"PropertyValueSpecification","valueRequired":true,"valueName":"search_term_string"}}],"inLanguage":"es-CO"},{"@type":"Organization","@id":"https:\/\/colombiainteligente.org\/#organization","name":"Colombia Inteligente","url":"https:\/\/colombiainteligente.org\/","logo":{"@type":"ImageObject","inLanguage":"es-CO","@id":"https:\/\/colombiainteligente.org\/#\/schema\/logo\/image\/","url":"https:\/\/colombiainteligente.org\/wp-content\/uploads\/2022\/07\/Image.png","contentUrl":"https:\/\/colombiainteligente.org\/wp-content\/uploads\/2022\/07\/Image.png","width":588,"height":274,"caption":"Colombia Inteligente"},"image":{"@id":"https:\/\/colombiainteligente.org\/#\/schema\/logo\/image\/"},"sameAs":["https:\/\/x.com\/colombiaintelig","https:\/\/www.linkedin.com\/company\/colombiainteligente\/"]},{"@type":"Person","@id":"https:\/\/colombiainteligente.org\/#\/schema\/person\/e207145d548b75a6d339ff1d4d3b0432","name":"DIFUSI\u00d3N COLOMBIA INTELIGENTE","image":{"@type":"ImageObject","inLanguage":"es-CO","@id":"https:\/\/secure.gravatar.com\/avatar\/df2e679ff2abf288cf4bf58830dad897e596908105ec8969f50f748a6d837869?s=96&d=mm&r=g","url":"https:\/\/secure.gravatar.com\/avatar\/df2e679ff2abf288cf4bf58830dad897e596908105ec8969f50f748a6d837869?s=96&d=mm&r=g","contentUrl":"https:\/\/secure.gravatar.com\/avatar\/df2e679ff2abf288cf4bf58830dad897e596908105ec8969f50f748a6d837869?s=96&d=mm&r=g","caption":"DIFUSI\u00d3N COLOMBIA INTELIGENTE"},"url":"https:\/\/colombiainteligente.org\/es_co\/author\/difusioncolombiainteligente-org\/"}]}},"yasr_visitor_votes":{"number_of_votes":0,"sum_votes":0,"stars_attributes":{"read_only":false,"span_bottom":false}},"_links":{"self":[{"href":"https:\/\/colombiainteligente.org\/es_co\/wp-json\/wp\/v2\/posts\/75445","targetHints":{"allow":["GET"]}}],"collection":[{"href":"https:\/\/colombiainteligente.org\/es_co\/wp-json\/wp\/v2\/posts"}],"about":[{"href":"https:\/\/colombiainteligente.org\/es_co\/wp-json\/wp\/v2\/types\/post"}],"author":[{"embeddable":true,"href":"https:\/\/colombiainteligente.org\/es_co\/wp-json\/wp\/v2\/users\/23"}],"replies":[{"embeddable":true,"href":"https:\/\/colombiainteligente.org\/es_co\/wp-json\/wp\/v2\/comments?post=75445"}],"version-history":[{"count":7,"href":"https:\/\/colombiainteligente.org\/es_co\/wp-json\/wp\/v2\/posts\/75445\/revisions"}],"predecessor-version":[{"id":75453,"href":"https:\/\/colombiainteligente.org\/es_co\/wp-json\/wp\/v2\/posts\/75445\/revisions\/75453"}],"wp:featuredmedia":[{"embeddable":true,"href":"https:\/\/colombiainteligente.org\/es_co\/wp-json\/wp\/v2\/media\/75446"}],"wp:attachment":[{"href":"https:\/\/colombiainteligente.org\/es_co\/wp-json\/wp\/v2\/media?parent=75445"}],"wp:term":[{"taxonomy":"category","embeddable":true,"href":"https:\/\/colombiainteligente.org\/es_co\/wp-json\/wp\/v2\/categories?post=75445"},{"taxonomy":"post_tag","embeddable":true,"href":"https:\/\/colombiainteligente.org\/es_co\/wp-json\/wp\/v2\/tags?post=75445"}],"curies":[{"name":"wp","href":"https:\/\/api.w.org\/{rel}","templated":true}]}}