{"id":8512,"date":"2022-05-13T22:07:05","date_gmt":"2022-05-14T03:07:05","guid":{"rendered":"https:\/\/colombiainteligente.org\/?p=8512"},"modified":"2022-12-29T22:14:11","modified_gmt":"2022-12-30T03:14:11","slug":"hacia-un-prospecto-en-el-marco-regulatorio-laboral-en-argentina-analisis-2","status":"publish","type":"post","link":"https:\/\/colombiainteligente.org\/es_co\/tendencias\/hacia-un-prospecto-en-el-marco-regulatorio-laboral-en-argentina-analisis-2\/","title":{"rendered":"Hacia un prospecto en el marco regulatorio laboral en Argentina: An\u00e1lisis"},"content":{"rendered":"<div data-elementor-type=\"wp-post\" data-elementor-id=\"8512\" class=\"elementor elementor-8512\" data-elementor-post-type=\"post\">\n\t\t\t\t\t\t\t\t\t<section class=\"elementor-section elementor-top-section elementor-element elementor-element-79148795 elementor-section-boxed elementor-section-height-default elementor-section-height-default\" data-id=\"79148795\" data-element_type=\"section\">\n\t\t\t\t\t\t<div class=\"elementor-container elementor-column-gap-default\">\n\t\t\t\t\t<div class=\"elementor-column elementor-col-100 elementor-top-column elementor-element elementor-element-1ece4ebf\" data-id=\"1ece4ebf\" data-element_type=\"column\">\n\t\t\t<div class=\"elementor-widget-wrap elementor-element-populated\">\n\t\t\t\t\t\t\t\t<div class=\"elementor-element elementor-element-7a61c7e5 elementor-widget elementor-widget-text-editor\" data-id=\"7a61c7e5\" data-element_type=\"widget\" data-widget_type=\"text-editor.default\">\n\t\t\t\t<div class=\"elementor-widget-container\">\n\t\t\t<style>\/*! elementor - v3.14.0 - 26-06-2023 *\/\n.elementor-widget-text-editor.elementor-drop-cap-view-stacked .elementor-drop-cap{background-color:#69727d;color:#fff}.elementor-widget-text-editor.elementor-drop-cap-view-framed .elementor-drop-cap{color:#69727d;border:3px solid;background-color:transparent}.elementor-widget-text-editor:not(.elementor-drop-cap-view-default) .elementor-drop-cap{margin-top:8px}.elementor-widget-text-editor:not(.elementor-drop-cap-view-default) .elementor-drop-cap-letter{width:1em;height:1em}.elementor-widget-text-editor .elementor-drop-cap{float:left;text-align:center;line-height:1;font-size:50px}.elementor-widget-text-editor .elementor-drop-cap-letter{display:inline-block}<\/style>\t\t\t\t<p>El acceso inal\u00e1mbrico fijo (FWA) 5G es ahora una realidad comercial en los pa\u00edses desarrollados y en desarrollo de todo el mundo. Si bien las soluciones FWA han existido durante m\u00e1s de dos d\u00e9cadas, las mejoras masivas de rendimiento habilitadas por 5G y el uso del espectro mmWave (que permiten velocidades que son m\u00e1s de 10 veces superiores a las de 4G) hacen que 5G FWA sea una soluci\u00f3n competitiva en comparaci\u00f3n con las tecnolog\u00edas predominantes en el mercado. mercado de banda ancha fija.<\/p><p>This is the fourth in a series of research reports examining the conditions under which 5G fixed wireless access (FWA) can be a cost-effective means to deliver broadband services (with download speeds of at least 100 Mbps), compared to alternative wireline technologies and according to different deployment strategies. In this report, we focus on an ISP that has no existing wireless network and is looking at alternative deployment options, including 5G FWA (a greenfield 5G mmWave FWA network). The scenario is relevant to ISPs evaluating alternative fixed broadband options to upgrade their networks in underserved areas or to enter new markets, as well as entrepreneurs considering launching a new fixed broadband alternative<\/p><p>Para mayor informaci\u00f3n ingrese a:<\/p><p><a href=\"https:\/\/data.gsmaintelligence.com\/research\/research\/research-2022\/the-5g-fwa-opportunity-a-tco-model-for-an-isp-deploying-a-greenfield-5g-mmwave-fwa-network\">https:\/\/data.gsmaintelligence.com\/research\/research\/research-2022\/the-5g-fwa-opportunity-a-tco-model-for-an-isp-deploying-a-greenfield-5g-mmwave-fwa-network<\/a><\/p>\t\t\t\t\t\t<\/div>\n\t\t\t\t<\/div>\n\t\t\t\t\t<\/div>\n\t\t<\/div>\n\t\t\t\t\t\t\t<\/div>\n\t\t<\/section>\n\t\t\t\t\t\t\t<\/div>\n\t\t<div style=\"text-align:center\" class=\"yasr-auto-insert-visitor\"><\/div>","protected":false},"excerpt":{"rendered":"<p>El acceso inal\u00e1mbrico fijo (FWA) 5G es ahora una realidad comercial en los pa\u00edses desarrollados y en desarrollo de todo el mundo. Si bien las soluciones FWA han existido durante m\u00e1s de dos d\u00e9cadas, las mejoras masivas de rendimiento habilitadas por 5G y el uso del espectro mmWave (que permiten velocidades que son m\u00e1s de 10 veces superiores a las de 4G) hacen que 5G FWA sea una soluci\u00f3n competitiva en comparaci\u00f3n con las tecnolog\u00edas predominantes en el mercado. mercado de banda ancha fija.<\/p>","protected":false},"author":23,"featured_media":8517,"comment_status":"open","ping_status":"open","sticky":false,"template":"","format":"standard","meta":{"yasr_overall_rating":0,"yasr_post_is_review":"","yasr_auto_insert_disabled":"","yasr_review_type":"","footnotes":""},"categories":[54,53],"tags":[],"class_list":["post-8512","post","type-post","status-publish","format-standard","has-post-thumbnail","hentry","category-energia-que-transforma","category-tendencias"],"yasr_visitor_votes":{"number_of_votes":0,"sum_votes":0,"stars_attributes":{"read_only":false,"span_bottom":false}},"yoast_head":"<!-- This site is optimized with the Yoast SEO plugin v27.3 - https:\/\/yoast.com\/product\/yoast-seo-wordpress\/ -->\n<title>Hacia un prospecto en el marco regulatorio laboral en Argentina: An\u00e1lisis - Colombia Inteligente<\/title>\n<meta name=\"robots\" content=\"index, follow, max-snippet:-1, max-image-preview:large, max-video-preview:-1\" \/>\n<link rel=\"canonical\" href=\"https:\/\/colombiainteligente.org\/es_co\/tendencias\/hacia-un-prospecto-en-el-marco-regulatorio-laboral-en-argentina-analisis-2\/\" \/>\n<meta property=\"og:locale\" content=\"es_ES\" \/>\n<meta property=\"og:type\" content=\"article\" \/>\n<meta property=\"og:title\" content=\"Hacia un prospecto en el marco regulatorio laboral en Argentina: An\u00e1lisis - Colombia Inteligente\" \/>\n<meta property=\"og:description\" content=\"El acceso inal\u00e1mbrico fijo (FWA) 5G es ahora una realidad comercial en los pa\u00edses desarrollados y en desarrollo de todo el mundo. Si bien las soluciones FWA han existido durante m\u00e1s de dos d\u00e9cadas, las mejoras masivas de rendimiento habilitadas por 5G y el uso del espectro mmWave (que permiten velocidades que son m\u00e1s de 10 veces superiores a las de 4G) hacen que 5G FWA sea una soluci\u00f3n competitiva en comparaci\u00f3n con las tecnolog\u00edas predominantes en el mercado. mercado de banda ancha fija.\" \/>\n<meta property=\"og:url\" content=\"https:\/\/colombiainteligente.org\/es_co\/tendencias\/hacia-un-prospecto-en-el-marco-regulatorio-laboral-en-argentina-analisis-2\/\" \/>\n<meta property=\"og:site_name\" content=\"Colombia Inteligente\" \/>\n<meta property=\"article:published_time\" content=\"2022-05-14T03:07:05+00:00\" \/>\n<meta property=\"article:modified_time\" content=\"2022-12-30T03:14:11+00:00\" \/>\n<meta property=\"og:image\" content=\"https:\/\/colombiainteligente.org\/wp-content\/uploads\/2022\/12\/The-5G-FWA-opportunity-a-TCO-model-for-an-ISP-deploying-a-greenfield-5G-mmWave-FWA-network-1.png\" \/>\n\t<meta property=\"og:image:width\" content=\"282\" \/>\n\t<meta property=\"og:image:height\" content=\"400\" \/>\n\t<meta property=\"og:image:type\" content=\"image\/png\" \/>\n<meta name=\"author\" content=\"DIFUSI\u00d3N COLOMBIA INTELIGENTE\" \/>\n<meta name=\"twitter:card\" content=\"summary_large_image\" \/>\n<meta name=\"twitter:creator\" content=\"@colombiaintelig\" \/>\n<meta name=\"twitter:site\" content=\"@colombiaintelig\" \/>\n<meta name=\"twitter:label1\" content=\"Escrito por\" \/>\n\t<meta name=\"twitter:data1\" content=\"DIFUSI\u00d3N COLOMBIA INTELIGENTE\" \/>\n\t<meta name=\"twitter:label2\" content=\"Tiempo estimado de lectura\" \/>\n\t<meta name=\"twitter:data2\" content=\"1 minuto\" \/>\n<script type=\"application\/ld+json\" class=\"yoast-schema-graph\">{\"@context\":\"https:\\\/\\\/schema.org\",\"@graph\":[{\"@type\":\"Article\",\"@id\":\"https:\\\/\\\/colombiainteligente.org\\\/tendencias\\\/hacia-un-prospecto-en-el-marco-regulatorio-laboral-en-argentina-analisis-2\\\/#article\",\"isPartOf\":{\"@id\":\"https:\\\/\\\/colombiainteligente.org\\\/tendencias\\\/hacia-un-prospecto-en-el-marco-regulatorio-laboral-en-argentina-analisis-2\\\/\"},\"author\":{\"name\":\"DIFUSI\u00d3N COLOMBIA INTELIGENTE\",\"@id\":\"https:\\\/\\\/colombiainteligente.org\\\/#\\\/schema\\\/person\\\/e207145d548b75a6d339ff1d4d3b0432\"},\"headline\":\"Hacia un prospecto en el marco regulatorio laboral en Argentina: An\u00e1lisis\",\"datePublished\":\"2022-05-14T03:07:05+00:00\",\"dateModified\":\"2022-12-30T03:14:11+00:00\",\"mainEntityOfPage\":{\"@id\":\"https:\\\/\\\/colombiainteligente.org\\\/tendencias\\\/hacia-un-prospecto-en-el-marco-regulatorio-laboral-en-argentina-analisis-2\\\/\"},\"wordCount\":230,\"commentCount\":0,\"publisher\":{\"@id\":\"https:\\\/\\\/colombiainteligente.org\\\/#organization\"},\"image\":{\"@id\":\"https:\\\/\\\/colombiainteligente.org\\\/tendencias\\\/hacia-un-prospecto-en-el-marco-regulatorio-laboral-en-argentina-analisis-2\\\/#primaryimage\"},\"thumbnailUrl\":\"https:\\\/\\\/colombiainteligente.org\\\/wp-content\\\/uploads\\\/2022\\\/12\\\/The-5G-FWA-opportunity-a-TCO-model-for-an-ISP-deploying-a-greenfield-5G-mmWave-FWA-network-1.png\",\"articleSection\":[\"Energ\u00eda que transforma\",\"Tendencias\"],\"inLanguage\":\"es-CO\",\"potentialAction\":[{\"@type\":\"CommentAction\",\"name\":\"Comment\",\"target\":[\"https:\\\/\\\/colombiainteligente.org\\\/tendencias\\\/hacia-un-prospecto-en-el-marco-regulatorio-laboral-en-argentina-analisis-2\\\/#respond\"]}]},{\"@type\":\"WebPage\",\"@id\":\"https:\\\/\\\/colombiainteligente.org\\\/tendencias\\\/hacia-un-prospecto-en-el-marco-regulatorio-laboral-en-argentina-analisis-2\\\/\",\"url\":\"https:\\\/\\\/colombiainteligente.org\\\/tendencias\\\/hacia-un-prospecto-en-el-marco-regulatorio-laboral-en-argentina-analisis-2\\\/\",\"name\":\"Hacia un prospecto en el marco regulatorio laboral en Argentina: An\u00e1lisis - Colombia Inteligente\",\"isPartOf\":{\"@id\":\"https:\\\/\\\/colombiainteligente.org\\\/#website\"},\"primaryImageOfPage\":{\"@id\":\"https:\\\/\\\/colombiainteligente.org\\\/tendencias\\\/hacia-un-prospecto-en-el-marco-regulatorio-laboral-en-argentina-analisis-2\\\/#primaryimage\"},\"image\":{\"@id\":\"https:\\\/\\\/colombiainteligente.org\\\/tendencias\\\/hacia-un-prospecto-en-el-marco-regulatorio-laboral-en-argentina-analisis-2\\\/#primaryimage\"},\"thumbnailUrl\":\"https:\\\/\\\/colombiainteligente.org\\\/wp-content\\\/uploads\\\/2022\\\/12\\\/The-5G-FWA-opportunity-a-TCO-model-for-an-ISP-deploying-a-greenfield-5G-mmWave-FWA-network-1.png\",\"datePublished\":\"2022-05-14T03:07:05+00:00\",\"dateModified\":\"2022-12-30T03:14:11+00:00\",\"breadcrumb\":{\"@id\":\"https:\\\/\\\/colombiainteligente.org\\\/tendencias\\\/hacia-un-prospecto-en-el-marco-regulatorio-laboral-en-argentina-analisis-2\\\/#breadcrumb\"},\"inLanguage\":\"es-CO\",\"potentialAction\":[{\"@type\":\"ReadAction\",\"target\":[\"https:\\\/\\\/colombiainteligente.org\\\/tendencias\\\/hacia-un-prospecto-en-el-marco-regulatorio-laboral-en-argentina-analisis-2\\\/\"]}]},{\"@type\":\"ImageObject\",\"inLanguage\":\"es-CO\",\"@id\":\"https:\\\/\\\/colombiainteligente.org\\\/tendencias\\\/hacia-un-prospecto-en-el-marco-regulatorio-laboral-en-argentina-analisis-2\\\/#primaryimage\",\"url\":\"https:\\\/\\\/colombiainteligente.org\\\/wp-content\\\/uploads\\\/2022\\\/12\\\/The-5G-FWA-opportunity-a-TCO-model-for-an-ISP-deploying-a-greenfield-5G-mmWave-FWA-network-1.png\",\"contentUrl\":\"https:\\\/\\\/colombiainteligente.org\\\/wp-content\\\/uploads\\\/2022\\\/12\\\/The-5G-FWA-opportunity-a-TCO-model-for-an-ISP-deploying-a-greenfield-5G-mmWave-FWA-network-1.png\",\"width\":282,\"height\":400,\"caption\":\"The-5G-FWA-opportunity-a-TCO-model-for-an-ISP-deploying-a-greenfield-5G-mmWave-FWA-network-1.png\"},{\"@type\":\"BreadcrumbList\",\"@id\":\"https:\\\/\\\/colombiainteligente.org\\\/tendencias\\\/hacia-un-prospecto-en-el-marco-regulatorio-laboral-en-argentina-analisis-2\\\/#breadcrumb\",\"itemListElement\":[{\"@type\":\"ListItem\",\"position\":1,\"name\":\"Portada\",\"item\":\"https:\\\/\\\/colombiainteligente.org\\\/\"},{\"@type\":\"ListItem\",\"position\":2,\"name\":\"Hacia un prospecto en el marco regulatorio laboral en Argentina: An\u00e1lisis\"}]},{\"@type\":\"WebSite\",\"@id\":\"https:\\\/\\\/colombiainteligente.org\\\/#website\",\"url\":\"https:\\\/\\\/colombiainteligente.org\\\/\",\"name\":\"Colombia Inteligente\",\"description\":\"Alianza estrat\u00e9gica, conformada por empresas y entidades, para la inserci\u00f3n integral y eficiente de las redes inteligentes a la infraestructura del sector el\u00e9ctrico colombiano\",\"publisher\":{\"@id\":\"https:\\\/\\\/colombiainteligente.org\\\/#organization\"},\"potentialAction\":[{\"@type\":\"SearchAction\",\"target\":{\"@type\":\"EntryPoint\",\"urlTemplate\":\"https:\\\/\\\/colombiainteligente.org\\\/?s={search_term_string}\"},\"query-input\":{\"@type\":\"PropertyValueSpecification\",\"valueRequired\":true,\"valueName\":\"search_term_string\"}}],\"inLanguage\":\"es-CO\"},{\"@type\":\"Organization\",\"@id\":\"https:\\\/\\\/colombiainteligente.org\\\/#organization\",\"name\":\"Colombia Inteligente\",\"url\":\"https:\\\/\\\/colombiainteligente.org\\\/\",\"logo\":{\"@type\":\"ImageObject\",\"inLanguage\":\"es-CO\",\"@id\":\"https:\\\/\\\/colombiainteligente.org\\\/#\\\/schema\\\/logo\\\/image\\\/\",\"url\":\"https:\\\/\\\/colombiainteligente.org\\\/wp-content\\\/uploads\\\/2022\\\/07\\\/Image.png\",\"contentUrl\":\"https:\\\/\\\/colombiainteligente.org\\\/wp-content\\\/uploads\\\/2022\\\/07\\\/Image.png\",\"width\":588,\"height\":274,\"caption\":\"Colombia Inteligente\"},\"image\":{\"@id\":\"https:\\\/\\\/colombiainteligente.org\\\/#\\\/schema\\\/logo\\\/image\\\/\"},\"sameAs\":[\"https:\\\/\\\/x.com\\\/colombiaintelig\",\"https:\\\/\\\/www.linkedin.com\\\/company\\\/colombiainteligente\\\/\"]},{\"@type\":\"Person\",\"@id\":\"https:\\\/\\\/colombiainteligente.org\\\/#\\\/schema\\\/person\\\/e207145d548b75a6d339ff1d4d3b0432\",\"name\":\"DIFUSI\u00d3N COLOMBIA INTELIGENTE\",\"image\":{\"@type\":\"ImageObject\",\"inLanguage\":\"es-CO\",\"@id\":\"https:\\\/\\\/secure.gravatar.com\\\/avatar\\\/df2e679ff2abf288cf4bf58830dad897e596908105ec8969f50f748a6d837869?s=96&d=mm&r=g\",\"url\":\"https:\\\/\\\/secure.gravatar.com\\\/avatar\\\/df2e679ff2abf288cf4bf58830dad897e596908105ec8969f50f748a6d837869?s=96&d=mm&r=g\",\"contentUrl\":\"https:\\\/\\\/secure.gravatar.com\\\/avatar\\\/df2e679ff2abf288cf4bf58830dad897e596908105ec8969f50f748a6d837869?s=96&d=mm&r=g\",\"caption\":\"DIFUSI\u00d3N COLOMBIA INTELIGENTE\"},\"url\":\"https:\\\/\\\/colombiainteligente.org\\\/es_co\\\/author\\\/difusioncolombiainteligente-org\\\/\"}]}<\/script>\n<!-- \/ Yoast SEO plugin. -->","yoast_head_json":{"title":"Hacia un prospecto en el marco regulatorio laboral en Argentina: An\u00e1lisis - Colombia Inteligente","robots":{"index":"index","follow":"follow","max-snippet":"max-snippet:-1","max-image-preview":"max-image-preview:large","max-video-preview":"max-video-preview:-1"},"canonical":"https:\/\/colombiainteligente.org\/es_co\/tendencias\/hacia-un-prospecto-en-el-marco-regulatorio-laboral-en-argentina-analisis-2\/","og_locale":"es_ES","og_type":"article","og_title":"Hacia un prospecto en el marco regulatorio laboral en Argentina: An\u00e1lisis - Colombia Inteligente","og_description":"El acceso inal\u00e1mbrico fijo (FWA) 5G es ahora una realidad comercial en los pa\u00edses desarrollados y en desarrollo de todo el mundo. Si bien las soluciones FWA han existido durante m\u00e1s de dos d\u00e9cadas, las mejoras masivas de rendimiento habilitadas por 5G y el uso del espectro mmWave (que permiten velocidades que son m\u00e1s de 10 veces superiores a las de 4G) hacen que 5G FWA sea una soluci\u00f3n competitiva en comparaci\u00f3n con las tecnolog\u00edas predominantes en el mercado. mercado de banda ancha fija.","og_url":"https:\/\/colombiainteligente.org\/es_co\/tendencias\/hacia-un-prospecto-en-el-marco-regulatorio-laboral-en-argentina-analisis-2\/","og_site_name":"Colombia Inteligente","article_published_time":"2022-05-14T03:07:05+00:00","article_modified_time":"2022-12-30T03:14:11+00:00","og_image":[{"width":282,"height":400,"url":"https:\/\/colombiainteligente.org\/wp-content\/uploads\/2022\/12\/The-5G-FWA-opportunity-a-TCO-model-for-an-ISP-deploying-a-greenfield-5G-mmWave-FWA-network-1.png","type":"image\/png"}],"author":"DIFUSI\u00d3N COLOMBIA INTELIGENTE","twitter_card":"summary_large_image","twitter_creator":"@colombiaintelig","twitter_site":"@colombiaintelig","twitter_misc":{"Escrito por":"DIFUSI\u00d3N COLOMBIA INTELIGENTE","Tiempo estimado de lectura":"1 minuto"},"schema":{"@context":"https:\/\/schema.org","@graph":[{"@type":"Article","@id":"https:\/\/colombiainteligente.org\/tendencias\/hacia-un-prospecto-en-el-marco-regulatorio-laboral-en-argentina-analisis-2\/#article","isPartOf":{"@id":"https:\/\/colombiainteligente.org\/tendencias\/hacia-un-prospecto-en-el-marco-regulatorio-laboral-en-argentina-analisis-2\/"},"author":{"name":"DIFUSI\u00d3N COLOMBIA INTELIGENTE","@id":"https:\/\/colombiainteligente.org\/#\/schema\/person\/e207145d548b75a6d339ff1d4d3b0432"},"headline":"Hacia un prospecto en el marco regulatorio laboral en Argentina: An\u00e1lisis","datePublished":"2022-05-14T03:07:05+00:00","dateModified":"2022-12-30T03:14:11+00:00","mainEntityOfPage":{"@id":"https:\/\/colombiainteligente.org\/tendencias\/hacia-un-prospecto-en-el-marco-regulatorio-laboral-en-argentina-analisis-2\/"},"wordCount":230,"commentCount":0,"publisher":{"@id":"https:\/\/colombiainteligente.org\/#organization"},"image":{"@id":"https:\/\/colombiainteligente.org\/tendencias\/hacia-un-prospecto-en-el-marco-regulatorio-laboral-en-argentina-analisis-2\/#primaryimage"},"thumbnailUrl":"https:\/\/colombiainteligente.org\/wp-content\/uploads\/2022\/12\/The-5G-FWA-opportunity-a-TCO-model-for-an-ISP-deploying-a-greenfield-5G-mmWave-FWA-network-1.png","articleSection":["Energ\u00eda que transforma","Tendencias"],"inLanguage":"es-CO","potentialAction":[{"@type":"CommentAction","name":"Comment","target":["https:\/\/colombiainteligente.org\/tendencias\/hacia-un-prospecto-en-el-marco-regulatorio-laboral-en-argentina-analisis-2\/#respond"]}]},{"@type":"WebPage","@id":"https:\/\/colombiainteligente.org\/tendencias\/hacia-un-prospecto-en-el-marco-regulatorio-laboral-en-argentina-analisis-2\/","url":"https:\/\/colombiainteligente.org\/tendencias\/hacia-un-prospecto-en-el-marco-regulatorio-laboral-en-argentina-analisis-2\/","name":"Hacia un prospecto en el marco regulatorio laboral en Argentina: An\u00e1lisis - Colombia Inteligente","isPartOf":{"@id":"https:\/\/colombiainteligente.org\/#website"},"primaryImageOfPage":{"@id":"https:\/\/colombiainteligente.org\/tendencias\/hacia-un-prospecto-en-el-marco-regulatorio-laboral-en-argentina-analisis-2\/#primaryimage"},"image":{"@id":"https:\/\/colombiainteligente.org\/tendencias\/hacia-un-prospecto-en-el-marco-regulatorio-laboral-en-argentina-analisis-2\/#primaryimage"},"thumbnailUrl":"https:\/\/colombiainteligente.org\/wp-content\/uploads\/2022\/12\/The-5G-FWA-opportunity-a-TCO-model-for-an-ISP-deploying-a-greenfield-5G-mmWave-FWA-network-1.png","datePublished":"2022-05-14T03:07:05+00:00","dateModified":"2022-12-30T03:14:11+00:00","breadcrumb":{"@id":"https:\/\/colombiainteligente.org\/tendencias\/hacia-un-prospecto-en-el-marco-regulatorio-laboral-en-argentina-analisis-2\/#breadcrumb"},"inLanguage":"es-CO","potentialAction":[{"@type":"ReadAction","target":["https:\/\/colombiainteligente.org\/tendencias\/hacia-un-prospecto-en-el-marco-regulatorio-laboral-en-argentina-analisis-2\/"]}]},{"@type":"ImageObject","inLanguage":"es-CO","@id":"https:\/\/colombiainteligente.org\/tendencias\/hacia-un-prospecto-en-el-marco-regulatorio-laboral-en-argentina-analisis-2\/#primaryimage","url":"https:\/\/colombiainteligente.org\/wp-content\/uploads\/2022\/12\/The-5G-FWA-opportunity-a-TCO-model-for-an-ISP-deploying-a-greenfield-5G-mmWave-FWA-network-1.png","contentUrl":"https:\/\/colombiainteligente.org\/wp-content\/uploads\/2022\/12\/The-5G-FWA-opportunity-a-TCO-model-for-an-ISP-deploying-a-greenfield-5G-mmWave-FWA-network-1.png","width":282,"height":400,"caption":"The-5G-FWA-opportunity-a-TCO-model-for-an-ISP-deploying-a-greenfield-5G-mmWave-FWA-network-1.png"},{"@type":"BreadcrumbList","@id":"https:\/\/colombiainteligente.org\/tendencias\/hacia-un-prospecto-en-el-marco-regulatorio-laboral-en-argentina-analisis-2\/#breadcrumb","itemListElement":[{"@type":"ListItem","position":1,"name":"Portada","item":"https:\/\/colombiainteligente.org\/"},{"@type":"ListItem","position":2,"name":"Hacia un prospecto en el marco regulatorio laboral en Argentina: An\u00e1lisis"}]},{"@type":"WebSite","@id":"https:\/\/colombiainteligente.org\/#website","url":"https:\/\/colombiainteligente.org\/","name":"Colombia Inteligente","description":"Alianza estrat\u00e9gica, conformada por empresas y entidades, para la inserci\u00f3n integral y eficiente de las redes inteligentes a la infraestructura del sector el\u00e9ctrico colombiano","publisher":{"@id":"https:\/\/colombiainteligente.org\/#organization"},"potentialAction":[{"@type":"SearchAction","target":{"@type":"EntryPoint","urlTemplate":"https:\/\/colombiainteligente.org\/?s={search_term_string}"},"query-input":{"@type":"PropertyValueSpecification","valueRequired":true,"valueName":"search_term_string"}}],"inLanguage":"es-CO"},{"@type":"Organization","@id":"https:\/\/colombiainteligente.org\/#organization","name":"Colombia Inteligente","url":"https:\/\/colombiainteligente.org\/","logo":{"@type":"ImageObject","inLanguage":"es-CO","@id":"https:\/\/colombiainteligente.org\/#\/schema\/logo\/image\/","url":"https:\/\/colombiainteligente.org\/wp-content\/uploads\/2022\/07\/Image.png","contentUrl":"https:\/\/colombiainteligente.org\/wp-content\/uploads\/2022\/07\/Image.png","width":588,"height":274,"caption":"Colombia Inteligente"},"image":{"@id":"https:\/\/colombiainteligente.org\/#\/schema\/logo\/image\/"},"sameAs":["https:\/\/x.com\/colombiaintelig","https:\/\/www.linkedin.com\/company\/colombiainteligente\/"]},{"@type":"Person","@id":"https:\/\/colombiainteligente.org\/#\/schema\/person\/e207145d548b75a6d339ff1d4d3b0432","name":"DIFUSI\u00d3N COLOMBIA INTELIGENTE","image":{"@type":"ImageObject","inLanguage":"es-CO","@id":"https:\/\/secure.gravatar.com\/avatar\/df2e679ff2abf288cf4bf58830dad897e596908105ec8969f50f748a6d837869?s=96&d=mm&r=g","url":"https:\/\/secure.gravatar.com\/avatar\/df2e679ff2abf288cf4bf58830dad897e596908105ec8969f50f748a6d837869?s=96&d=mm&r=g","contentUrl":"https:\/\/secure.gravatar.com\/avatar\/df2e679ff2abf288cf4bf58830dad897e596908105ec8969f50f748a6d837869?s=96&d=mm&r=g","caption":"DIFUSI\u00d3N COLOMBIA INTELIGENTE"},"url":"https:\/\/colombiainteligente.org\/es_co\/author\/difusioncolombiainteligente-org\/"}]}},"_links":{"self":[{"href":"https:\/\/colombiainteligente.org\/es_co\/wp-json\/wp\/v2\/posts\/8512","targetHints":{"allow":["GET"]}}],"collection":[{"href":"https:\/\/colombiainteligente.org\/es_co\/wp-json\/wp\/v2\/posts"}],"about":[{"href":"https:\/\/colombiainteligente.org\/es_co\/wp-json\/wp\/v2\/types\/post"}],"author":[{"embeddable":true,"href":"https:\/\/colombiainteligente.org\/es_co\/wp-json\/wp\/v2\/users\/23"}],"replies":[{"embeddable":true,"href":"https:\/\/colombiainteligente.org\/es_co\/wp-json\/wp\/v2\/comments?post=8512"}],"version-history":[{"count":4,"href":"https:\/\/colombiainteligente.org\/es_co\/wp-json\/wp\/v2\/posts\/8512\/revisions"}],"predecessor-version":[{"id":8525,"href":"https:\/\/colombiainteligente.org\/es_co\/wp-json\/wp\/v2\/posts\/8512\/revisions\/8525"}],"wp:featuredmedia":[{"embeddable":true,"href":"https:\/\/colombiainteligente.org\/es_co\/wp-json\/wp\/v2\/media\/8517"}],"wp:attachment":[{"href":"https:\/\/colombiainteligente.org\/es_co\/wp-json\/wp\/v2\/media?parent=8512"}],"wp:term":[{"taxonomy":"category","embeddable":true,"href":"https:\/\/colombiainteligente.org\/es_co\/wp-json\/wp\/v2\/categories?post=8512"},{"taxonomy":"post_tag","embeddable":true,"href":"https:\/\/colombiainteligente.org\/es_co\/wp-json\/wp\/v2\/tags?post=8512"}],"curies":[{"name":"wp","href":"https:\/\/api.w.org\/{rel}","templated":true}]}}