{"id":8608,"date":"2022-05-23T22:33:04","date_gmt":"2022-05-24T03:33:04","guid":{"rendered":"https:\/\/colombiainteligente.org\/?p=8608"},"modified":"2022-12-29T22:35:17","modified_gmt":"2022-12-30T03:35:17","slug":"the-short-and-winding-road-to-2030","status":"publish","type":"post","link":"https:\/\/colombiainteligente.org\/es_co\/tendencias\/the-short-and-winding-road-to-2030\/","title":{"rendered":"The Short and Winding Road to 2030"},"content":{"rendered":"<div data-elementor-type=\"wp-post\" data-elementor-id=\"8608\" class=\"elementor elementor-8608\" data-elementor-post-type=\"post\">\n\t\t\t\t\t\t\t\t\t<section class=\"elementor-section elementor-top-section elementor-element elementor-element-79148795 elementor-section-boxed elementor-section-height-default elementor-section-height-default\" data-id=\"79148795\" data-element_type=\"section\">\n\t\t\t\t\t\t<div class=\"elementor-container elementor-column-gap-default\">\n\t\t\t\t\t<div class=\"elementor-column elementor-col-100 elementor-top-column elementor-element elementor-element-1ece4ebf\" data-id=\"1ece4ebf\" data-element_type=\"column\">\n\t\t\t<div class=\"elementor-widget-wrap elementor-element-populated\">\n\t\t\t\t\t\t\t\t<div class=\"elementor-element elementor-element-7a61c7e5 elementor-widget elementor-widget-text-editor\" data-id=\"7a61c7e5\" data-element_type=\"widget\" data-widget_type=\"text-editor.default\">\n\t\t\t\t<div class=\"elementor-widget-container\">\n\t\t\t<style>\/*! elementor - v3.14.0 - 26-06-2023 *\/\n.elementor-widget-text-editor.elementor-drop-cap-view-stacked .elementor-drop-cap{background-color:#69727d;color:#fff}.elementor-widget-text-editor.elementor-drop-cap-view-framed .elementor-drop-cap{color:#69727d;border:3px solid;background-color:transparent}.elementor-widget-text-editor:not(.elementor-drop-cap-view-default) .elementor-drop-cap{margin-top:8px}.elementor-widget-text-editor:not(.elementor-drop-cap-view-default) .elementor-drop-cap-letter{width:1em;height:1em}.elementor-widget-text-editor .elementor-drop-cap{float:left;text-align:center;line-height:1;font-size:50px}.elementor-widget-text-editor .elementor-drop-cap-letter{display:inline-block}<\/style>\t\t\t\t<p>La Agenda 2030 para el Desarrollo Sostenible tiene una ambici\u00f3n sin precedentes, pero tambi\u00e9n enfrenta a los pa\u00edsesa un enorme desaf\u00edo dada la naturaleza compleja e integrada de la Agenda con sus 17 Objetivos, apuntalados por 169 Metas.<\/p><p>To assist national governments with their implementation, the OECD has developed a unique methodology allowing comparison of progress across SDG goals and targets, and also over time. Based on the Global indicator framework for the Sustainable Development Goals and leveraging UN and OECD data, this report provides a high-level assessment of OECD Member countries\u2019 performance across the Goals and Targets of the 2030 Agenda. The report evaluates the distance that OECD countries need to travel to meet SDG targets for which data is currently available, but it goes one step further and deepens the analysis by identifying long-term trends, considering also how these trends may be impacted by the COVID-19 pandemic. By providing a high-level overview of countries\u2019 strengths and weaknesses in performance across the SDGs, it aims to support Member countries in navigating the SDGs and in setting their own priorities for action within the broad 2030 Agenda.<\/p><p>Para mas informaci\u00f3n ingrese a:<\/p><p><a href=\"https:\/\/www.oecd-ilibrary.org\/deliver\/af4b630d-en.pdf?itemId=%2Fcontent%2Fpublication%2Faf4b630d-en&amp;mimeType=pdf\">https:\/\/www.oecd-ilibrary.org\/deliver\/af4b630d-en.pdf?itemId=%2Fcontent%2Fpublication%2Faf4b630d-en&amp;mimeType=pdf<\/a><\/p><p><a class=\"Hyperlink SCXO21609070 BCX0\" href=\"https:\/\/www.oecd-ilibrary.org\/social-issues-migration-health\/the-short-and-winding-road-to-2030_af4b630d-en\" target=\"_blank\" rel=\"noopener noreferrer\"><span class=\"TextRun Underlined SCXO21609070 BCX0\" lang=\"EN-US\" xml:lang=\"EN-US\" data-contrast=\"auto\"><span class=\"NormalTextRun SCXO21609070 BCX0\">https:\/\/www.oecd-ilibrary.org\/social-issues-migration-health\/the-short-and-winding-road-to-2030_af4b630d-en<\/span><\/span><\/a><span class=\"EOP SCXO21609070 BCX0\">\u00a0<\/span><\/p>\t\t\t\t\t\t<\/div>\n\t\t\t\t<\/div>\n\t\t\t\t\t<\/div>\n\t\t<\/div>\n\t\t\t\t\t\t\t<\/div>\n\t\t<\/section>\n\t\t\t\t\t\t\t<\/div>\n\t\t<div style=\"text-align:center\" class=\"yasr-auto-insert-visitor\"><\/div>","protected":false},"excerpt":{"rendered":"<p>La Agenda 2030 para el Desarrollo Sostenible tiene una ambici\u00f3n sin precedentes, pero tambi\u00e9n enfrenta a los pa\u00edsesa un enorme desaf\u00edo dada la naturaleza compleja e integrada de la Agenda con sus 17 Objetivos, apuntalados por 169 Metas.<\/p>","protected":false},"author":23,"featured_media":8611,"comment_status":"open","ping_status":"open","sticky":false,"template":"","format":"standard","meta":{"yasr_overall_rating":0,"yasr_post_is_review":"","yasr_auto_insert_disabled":"","yasr_review_type":"","footnotes":""},"categories":[55,53],"tags":[],"class_list":["post-8608","post","type-post","status-publish","format-standard","has-post-thumbnail","hentry","category-digitalizacion","category-tendencias"],"yasr_visitor_votes":{"number_of_votes":0,"sum_votes":0,"stars_attributes":{"read_only":false,"span_bottom":false}},"yoast_head":"<!-- This site is optimized with the Yoast SEO plugin v27.3 - https:\/\/yoast.com\/product\/yoast-seo-wordpress\/ -->\n<title>The Short and Winding Road to 2030 - Colombia Inteligente<\/title>\n<meta name=\"robots\" content=\"index, follow, max-snippet:-1, max-image-preview:large, max-video-preview:-1\" \/>\n<link rel=\"canonical\" href=\"https:\/\/colombiainteligente.org\/es_co\/tendencias\/the-short-and-winding-road-to-2030\/\" \/>\n<meta property=\"og:locale\" content=\"es_ES\" \/>\n<meta property=\"og:type\" content=\"article\" \/>\n<meta property=\"og:title\" content=\"The Short and Winding Road to 2030 - Colombia Inteligente\" \/>\n<meta property=\"og:description\" content=\"La Agenda 2030 para el Desarrollo Sostenible tiene una ambici\u00f3n sin precedentes, pero tambi\u00e9n enfrenta a los pa\u00edsesa un enorme desaf\u00edo dada la naturaleza compleja e integrada de la Agenda con sus 17 Objetivos, apuntalados por 169 Metas.\" \/>\n<meta property=\"og:url\" content=\"https:\/\/colombiainteligente.org\/es_co\/tendencias\/the-short-and-winding-road-to-2030\/\" \/>\n<meta property=\"og:site_name\" content=\"Colombia Inteligente\" \/>\n<meta property=\"article:published_time\" content=\"2022-05-24T03:33:04+00:00\" \/>\n<meta property=\"article:modified_time\" content=\"2022-12-30T03:35:17+00:00\" \/>\n<meta property=\"og:image\" content=\"https:\/\/colombiainteligente.org\/wp-content\/uploads\/2022\/12\/The-Short-and-Winding-Road-to-2030.jpg\" \/>\n\t<meta property=\"og:image:width\" content=\"300\" \/>\n\t<meta property=\"og:image:height\" content=\"402\" \/>\n\t<meta property=\"og:image:type\" content=\"image\/jpeg\" \/>\n<meta name=\"author\" content=\"DIFUSI\u00d3N COLOMBIA INTELIGENTE\" \/>\n<meta name=\"twitter:card\" content=\"summary_large_image\" \/>\n<meta name=\"twitter:creator\" content=\"@colombiaintelig\" \/>\n<meta name=\"twitter:site\" content=\"@colombiaintelig\" \/>\n<meta name=\"twitter:label1\" content=\"Escrito por\" \/>\n\t<meta name=\"twitter:data1\" content=\"DIFUSI\u00d3N COLOMBIA INTELIGENTE\" \/>\n\t<meta name=\"twitter:label2\" content=\"Tiempo estimado de lectura\" \/>\n\t<meta name=\"twitter:data2\" content=\"1 minuto\" \/>\n<script type=\"application\/ld+json\" class=\"yoast-schema-graph\">{\"@context\":\"https:\\\/\\\/schema.org\",\"@graph\":[{\"@type\":\"Article\",\"@id\":\"https:\\\/\\\/colombiainteligente.org\\\/tendencias\\\/the-short-and-winding-road-to-2030\\\/#article\",\"isPartOf\":{\"@id\":\"https:\\\/\\\/colombiainteligente.org\\\/tendencias\\\/the-short-and-winding-road-to-2030\\\/\"},\"author\":{\"name\":\"DIFUSI\u00d3N COLOMBIA INTELIGENTE\",\"@id\":\"https:\\\/\\\/colombiainteligente.org\\\/#\\\/schema\\\/person\\\/e207145d548b75a6d339ff1d4d3b0432\"},\"headline\":\"The Short and Winding Road to 2030\",\"datePublished\":\"2022-05-24T03:33:04+00:00\",\"dateModified\":\"2022-12-30T03:35:17+00:00\",\"mainEntityOfPage\":{\"@id\":\"https:\\\/\\\/colombiainteligente.org\\\/tendencias\\\/the-short-and-winding-road-to-2030\\\/\"},\"wordCount\":225,\"commentCount\":0,\"publisher\":{\"@id\":\"https:\\\/\\\/colombiainteligente.org\\\/#organization\"},\"image\":{\"@id\":\"https:\\\/\\\/colombiainteligente.org\\\/tendencias\\\/the-short-and-winding-road-to-2030\\\/#primaryimage\"},\"thumbnailUrl\":\"https:\\\/\\\/colombiainteligente.org\\\/wp-content\\\/uploads\\\/2022\\\/12\\\/The-Short-and-Winding-Road-to-2030.jpg\",\"articleSection\":[\"Digitalizaci\u00f3n\",\"Tendencias\"],\"inLanguage\":\"es-CO\",\"potentialAction\":[{\"@type\":\"CommentAction\",\"name\":\"Comment\",\"target\":[\"https:\\\/\\\/colombiainteligente.org\\\/tendencias\\\/the-short-and-winding-road-to-2030\\\/#respond\"]}]},{\"@type\":\"WebPage\",\"@id\":\"https:\\\/\\\/colombiainteligente.org\\\/tendencias\\\/the-short-and-winding-road-to-2030\\\/\",\"url\":\"https:\\\/\\\/colombiainteligente.org\\\/tendencias\\\/the-short-and-winding-road-to-2030\\\/\",\"name\":\"The Short and Winding Road to 2030 - Colombia Inteligente\",\"isPartOf\":{\"@id\":\"https:\\\/\\\/colombiainteligente.org\\\/#website\"},\"primaryImageOfPage\":{\"@id\":\"https:\\\/\\\/colombiainteligente.org\\\/tendencias\\\/the-short-and-winding-road-to-2030\\\/#primaryimage\"},\"image\":{\"@id\":\"https:\\\/\\\/colombiainteligente.org\\\/tendencias\\\/the-short-and-winding-road-to-2030\\\/#primaryimage\"},\"thumbnailUrl\":\"https:\\\/\\\/colombiainteligente.org\\\/wp-content\\\/uploads\\\/2022\\\/12\\\/The-Short-and-Winding-Road-to-2030.jpg\",\"datePublished\":\"2022-05-24T03:33:04+00:00\",\"dateModified\":\"2022-12-30T03:35:17+00:00\",\"breadcrumb\":{\"@id\":\"https:\\\/\\\/colombiainteligente.org\\\/tendencias\\\/the-short-and-winding-road-to-2030\\\/#breadcrumb\"},\"inLanguage\":\"es-CO\",\"potentialAction\":[{\"@type\":\"ReadAction\",\"target\":[\"https:\\\/\\\/colombiainteligente.org\\\/tendencias\\\/the-short-and-winding-road-to-2030\\\/\"]}]},{\"@type\":\"ImageObject\",\"inLanguage\":\"es-CO\",\"@id\":\"https:\\\/\\\/colombiainteligente.org\\\/tendencias\\\/the-short-and-winding-road-to-2030\\\/#primaryimage\",\"url\":\"https:\\\/\\\/colombiainteligente.org\\\/wp-content\\\/uploads\\\/2022\\\/12\\\/The-Short-and-Winding-Road-to-2030.jpg\",\"contentUrl\":\"https:\\\/\\\/colombiainteligente.org\\\/wp-content\\\/uploads\\\/2022\\\/12\\\/The-Short-and-Winding-Road-to-2030.jpg\",\"width\":300,\"height\":402,\"caption\":\"The-Short-and-Winding-Road-to-2030.jpg\"},{\"@type\":\"BreadcrumbList\",\"@id\":\"https:\\\/\\\/colombiainteligente.org\\\/tendencias\\\/the-short-and-winding-road-to-2030\\\/#breadcrumb\",\"itemListElement\":[{\"@type\":\"ListItem\",\"position\":1,\"name\":\"Portada\",\"item\":\"https:\\\/\\\/colombiainteligente.org\\\/\"},{\"@type\":\"ListItem\",\"position\":2,\"name\":\"The Short and Winding Road to 2030\"}]},{\"@type\":\"WebSite\",\"@id\":\"https:\\\/\\\/colombiainteligente.org\\\/#website\",\"url\":\"https:\\\/\\\/colombiainteligente.org\\\/\",\"name\":\"Colombia Inteligente\",\"description\":\"Alianza estrat\u00e9gica, conformada por empresas y entidades, para la inserci\u00f3n integral y eficiente de las redes inteligentes a la infraestructura del sector el\u00e9ctrico colombiano\",\"publisher\":{\"@id\":\"https:\\\/\\\/colombiainteligente.org\\\/#organization\"},\"potentialAction\":[{\"@type\":\"SearchAction\",\"target\":{\"@type\":\"EntryPoint\",\"urlTemplate\":\"https:\\\/\\\/colombiainteligente.org\\\/?s={search_term_string}\"},\"query-input\":{\"@type\":\"PropertyValueSpecification\",\"valueRequired\":true,\"valueName\":\"search_term_string\"}}],\"inLanguage\":\"es-CO\"},{\"@type\":\"Organization\",\"@id\":\"https:\\\/\\\/colombiainteligente.org\\\/#organization\",\"name\":\"Colombia Inteligente\",\"url\":\"https:\\\/\\\/colombiainteligente.org\\\/\",\"logo\":{\"@type\":\"ImageObject\",\"inLanguage\":\"es-CO\",\"@id\":\"https:\\\/\\\/colombiainteligente.org\\\/#\\\/schema\\\/logo\\\/image\\\/\",\"url\":\"https:\\\/\\\/colombiainteligente.org\\\/wp-content\\\/uploads\\\/2022\\\/07\\\/Image.png\",\"contentUrl\":\"https:\\\/\\\/colombiainteligente.org\\\/wp-content\\\/uploads\\\/2022\\\/07\\\/Image.png\",\"width\":588,\"height\":274,\"caption\":\"Colombia Inteligente\"},\"image\":{\"@id\":\"https:\\\/\\\/colombiainteligente.org\\\/#\\\/schema\\\/logo\\\/image\\\/\"},\"sameAs\":[\"https:\\\/\\\/x.com\\\/colombiaintelig\",\"https:\\\/\\\/www.linkedin.com\\\/company\\\/colombiainteligente\\\/\"]},{\"@type\":\"Person\",\"@id\":\"https:\\\/\\\/colombiainteligente.org\\\/#\\\/schema\\\/person\\\/e207145d548b75a6d339ff1d4d3b0432\",\"name\":\"DIFUSI\u00d3N COLOMBIA INTELIGENTE\",\"image\":{\"@type\":\"ImageObject\",\"inLanguage\":\"es-CO\",\"@id\":\"https:\\\/\\\/secure.gravatar.com\\\/avatar\\\/df2e679ff2abf288cf4bf58830dad897e596908105ec8969f50f748a6d837869?s=96&d=mm&r=g\",\"url\":\"https:\\\/\\\/secure.gravatar.com\\\/avatar\\\/df2e679ff2abf288cf4bf58830dad897e596908105ec8969f50f748a6d837869?s=96&d=mm&r=g\",\"contentUrl\":\"https:\\\/\\\/secure.gravatar.com\\\/avatar\\\/df2e679ff2abf288cf4bf58830dad897e596908105ec8969f50f748a6d837869?s=96&d=mm&r=g\",\"caption\":\"DIFUSI\u00d3N COLOMBIA INTELIGENTE\"},\"url\":\"https:\\\/\\\/colombiainteligente.org\\\/es_co\\\/author\\\/difusioncolombiainteligente-org\\\/\"}]}<\/script>\n<!-- \/ Yoast SEO plugin. -->","yoast_head_json":{"title":"The Short and Winding Road to 2030 - Colombia Inteligente","robots":{"index":"index","follow":"follow","max-snippet":"max-snippet:-1","max-image-preview":"max-image-preview:large","max-video-preview":"max-video-preview:-1"},"canonical":"https:\/\/colombiainteligente.org\/es_co\/tendencias\/the-short-and-winding-road-to-2030\/","og_locale":"es_ES","og_type":"article","og_title":"The Short and Winding Road to 2030 - Colombia Inteligente","og_description":"La Agenda 2030 para el Desarrollo Sostenible tiene una ambici\u00f3n sin precedentes, pero tambi\u00e9n enfrenta a los pa\u00edsesa un enorme desaf\u00edo dada la naturaleza compleja e integrada de la Agenda con sus 17 Objetivos, apuntalados por 169 Metas.","og_url":"https:\/\/colombiainteligente.org\/es_co\/tendencias\/the-short-and-winding-road-to-2030\/","og_site_name":"Colombia Inteligente","article_published_time":"2022-05-24T03:33:04+00:00","article_modified_time":"2022-12-30T03:35:17+00:00","og_image":[{"width":300,"height":402,"url":"https:\/\/colombiainteligente.org\/wp-content\/uploads\/2022\/12\/The-Short-and-Winding-Road-to-2030.jpg","type":"image\/jpeg"}],"author":"DIFUSI\u00d3N COLOMBIA INTELIGENTE","twitter_card":"summary_large_image","twitter_creator":"@colombiaintelig","twitter_site":"@colombiaintelig","twitter_misc":{"Escrito por":"DIFUSI\u00d3N COLOMBIA INTELIGENTE","Tiempo estimado de lectura":"1 minuto"},"schema":{"@context":"https:\/\/schema.org","@graph":[{"@type":"Article","@id":"https:\/\/colombiainteligente.org\/tendencias\/the-short-and-winding-road-to-2030\/#article","isPartOf":{"@id":"https:\/\/colombiainteligente.org\/tendencias\/the-short-and-winding-road-to-2030\/"},"author":{"name":"DIFUSI\u00d3N COLOMBIA INTELIGENTE","@id":"https:\/\/colombiainteligente.org\/#\/schema\/person\/e207145d548b75a6d339ff1d4d3b0432"},"headline":"The Short and Winding Road to 2030","datePublished":"2022-05-24T03:33:04+00:00","dateModified":"2022-12-30T03:35:17+00:00","mainEntityOfPage":{"@id":"https:\/\/colombiainteligente.org\/tendencias\/the-short-and-winding-road-to-2030\/"},"wordCount":225,"commentCount":0,"publisher":{"@id":"https:\/\/colombiainteligente.org\/#organization"},"image":{"@id":"https:\/\/colombiainteligente.org\/tendencias\/the-short-and-winding-road-to-2030\/#primaryimage"},"thumbnailUrl":"https:\/\/colombiainteligente.org\/wp-content\/uploads\/2022\/12\/The-Short-and-Winding-Road-to-2030.jpg","articleSection":["Digitalizaci\u00f3n","Tendencias"],"inLanguage":"es-CO","potentialAction":[{"@type":"CommentAction","name":"Comment","target":["https:\/\/colombiainteligente.org\/tendencias\/the-short-and-winding-road-to-2030\/#respond"]}]},{"@type":"WebPage","@id":"https:\/\/colombiainteligente.org\/tendencias\/the-short-and-winding-road-to-2030\/","url":"https:\/\/colombiainteligente.org\/tendencias\/the-short-and-winding-road-to-2030\/","name":"The Short and Winding Road to 2030 - Colombia Inteligente","isPartOf":{"@id":"https:\/\/colombiainteligente.org\/#website"},"primaryImageOfPage":{"@id":"https:\/\/colombiainteligente.org\/tendencias\/the-short-and-winding-road-to-2030\/#primaryimage"},"image":{"@id":"https:\/\/colombiainteligente.org\/tendencias\/the-short-and-winding-road-to-2030\/#primaryimage"},"thumbnailUrl":"https:\/\/colombiainteligente.org\/wp-content\/uploads\/2022\/12\/The-Short-and-Winding-Road-to-2030.jpg","datePublished":"2022-05-24T03:33:04+00:00","dateModified":"2022-12-30T03:35:17+00:00","breadcrumb":{"@id":"https:\/\/colombiainteligente.org\/tendencias\/the-short-and-winding-road-to-2030\/#breadcrumb"},"inLanguage":"es-CO","potentialAction":[{"@type":"ReadAction","target":["https:\/\/colombiainteligente.org\/tendencias\/the-short-and-winding-road-to-2030\/"]}]},{"@type":"ImageObject","inLanguage":"es-CO","@id":"https:\/\/colombiainteligente.org\/tendencias\/the-short-and-winding-road-to-2030\/#primaryimage","url":"https:\/\/colombiainteligente.org\/wp-content\/uploads\/2022\/12\/The-Short-and-Winding-Road-to-2030.jpg","contentUrl":"https:\/\/colombiainteligente.org\/wp-content\/uploads\/2022\/12\/The-Short-and-Winding-Road-to-2030.jpg","width":300,"height":402,"caption":"The-Short-and-Winding-Road-to-2030.jpg"},{"@type":"BreadcrumbList","@id":"https:\/\/colombiainteligente.org\/tendencias\/the-short-and-winding-road-to-2030\/#breadcrumb","itemListElement":[{"@type":"ListItem","position":1,"name":"Portada","item":"https:\/\/colombiainteligente.org\/"},{"@type":"ListItem","position":2,"name":"The Short and Winding Road to 2030"}]},{"@type":"WebSite","@id":"https:\/\/colombiainteligente.org\/#website","url":"https:\/\/colombiainteligente.org\/","name":"Colombia Inteligente","description":"Alianza estrat\u00e9gica, conformada por empresas y entidades, para la inserci\u00f3n integral y eficiente de las redes inteligentes a la infraestructura del sector el\u00e9ctrico colombiano","publisher":{"@id":"https:\/\/colombiainteligente.org\/#organization"},"potentialAction":[{"@type":"SearchAction","target":{"@type":"EntryPoint","urlTemplate":"https:\/\/colombiainteligente.org\/?s={search_term_string}"},"query-input":{"@type":"PropertyValueSpecification","valueRequired":true,"valueName":"search_term_string"}}],"inLanguage":"es-CO"},{"@type":"Organization","@id":"https:\/\/colombiainteligente.org\/#organization","name":"Colombia Inteligente","url":"https:\/\/colombiainteligente.org\/","logo":{"@type":"ImageObject","inLanguage":"es-CO","@id":"https:\/\/colombiainteligente.org\/#\/schema\/logo\/image\/","url":"https:\/\/colombiainteligente.org\/wp-content\/uploads\/2022\/07\/Image.png","contentUrl":"https:\/\/colombiainteligente.org\/wp-content\/uploads\/2022\/07\/Image.png","width":588,"height":274,"caption":"Colombia Inteligente"},"image":{"@id":"https:\/\/colombiainteligente.org\/#\/schema\/logo\/image\/"},"sameAs":["https:\/\/x.com\/colombiaintelig","https:\/\/www.linkedin.com\/company\/colombiainteligente\/"]},{"@type":"Person","@id":"https:\/\/colombiainteligente.org\/#\/schema\/person\/e207145d548b75a6d339ff1d4d3b0432","name":"DIFUSI\u00d3N COLOMBIA INTELIGENTE","image":{"@type":"ImageObject","inLanguage":"es-CO","@id":"https:\/\/secure.gravatar.com\/avatar\/df2e679ff2abf288cf4bf58830dad897e596908105ec8969f50f748a6d837869?s=96&d=mm&r=g","url":"https:\/\/secure.gravatar.com\/avatar\/df2e679ff2abf288cf4bf58830dad897e596908105ec8969f50f748a6d837869?s=96&d=mm&r=g","contentUrl":"https:\/\/secure.gravatar.com\/avatar\/df2e679ff2abf288cf4bf58830dad897e596908105ec8969f50f748a6d837869?s=96&d=mm&r=g","caption":"DIFUSI\u00d3N COLOMBIA INTELIGENTE"},"url":"https:\/\/colombiainteligente.org\/es_co\/author\/difusioncolombiainteligente-org\/"}]}},"_links":{"self":[{"href":"https:\/\/colombiainteligente.org\/es_co\/wp-json\/wp\/v2\/posts\/8608","targetHints":{"allow":["GET"]}}],"collection":[{"href":"https:\/\/colombiainteligente.org\/es_co\/wp-json\/wp\/v2\/posts"}],"about":[{"href":"https:\/\/colombiainteligente.org\/es_co\/wp-json\/wp\/v2\/types\/post"}],"author":[{"embeddable":true,"href":"https:\/\/colombiainteligente.org\/es_co\/wp-json\/wp\/v2\/users\/23"}],"replies":[{"embeddable":true,"href":"https:\/\/colombiainteligente.org\/es_co\/wp-json\/wp\/v2\/comments?post=8608"}],"version-history":[{"count":4,"href":"https:\/\/colombiainteligente.org\/es_co\/wp-json\/wp\/v2\/posts\/8608\/revisions"}],"predecessor-version":[{"id":8622,"href":"https:\/\/colombiainteligente.org\/es_co\/wp-json\/wp\/v2\/posts\/8608\/revisions\/8622"}],"wp:featuredmedia":[{"embeddable":true,"href":"https:\/\/colombiainteligente.org\/es_co\/wp-json\/wp\/v2\/media\/8611"}],"wp:attachment":[{"href":"https:\/\/colombiainteligente.org\/es_co\/wp-json\/wp\/v2\/media?parent=8608"}],"wp:term":[{"taxonomy":"category","embeddable":true,"href":"https:\/\/colombiainteligente.org\/es_co\/wp-json\/wp\/v2\/categories?post=8608"},{"taxonomy":"post_tag","embeddable":true,"href":"https:\/\/colombiainteligente.org\/es_co\/wp-json\/wp\/v2\/tags?post=8608"}],"curies":[{"name":"wp","href":"https:\/\/api.w.org\/{rel}","templated":true}]}}